{"id":7115,"date":"2022-05-16T11:20:00","date_gmt":"2022-05-16T09:20:00","guid":{"rendered":"https:\/\/fraternite-politique.chemin-neuf.org\/?p=7115"},"modified":"2022-05-21T19:17:53","modified_gmt":"2022-05-21T17:17:53","slug":"discorso-papa-francesco-udienza-2022","status":"publish","type":"post","link":"https:\/\/fraternite-politique.chemin-neuf.org\/it\/discorso-papa-francesco-udienza-2022\/","title":{"rendered":"Discorso del Santo Padre Francesco<br>alla Fraternit\u00e0 Politica"},"content":{"rendered":"\n<p><em>Cari amici!<\/em><\/p>\n\n\n\n<p>Sono contento di accogliere voi giovani membri della \u201cFraternit\u00e0 Politica\u201d di <em>Chemin Neuf<\/em>. Quando ci siamo incontrati l\u2019anno scorso, avevate affidato alla mia preghiera la vostra partecipazione all\u2019evento <em>Changemakers<\/em>, a Budapest. L\u00e0 avete avuto momenti di incontro, di formazione, ma anche di azione, presso associazioni locali. Il modo in cui avete vissuto questo evento mi sembra una buona attuazione del vero significato di quello che \u00e8 la politica, specialmente per dei cristiani. <em>La politica \u00e8 incontro, riflessione, azione<\/em>.<\/p>\n\n\n\n<p>La politica \u00e8 anzitutto arte dell\u2019<em>incontro<\/em>. Certamente, questo incontro si vive accogliendo l\u2019altro e accettando la sua differenza, in un dialogo rispettoso. Come cristiani, tuttavia, c\u2019\u00e8 di pi\u00f9: poich\u00e9 il Vangelo ci chiede di amare i nostri nemici (cfr <em>Mt<\/em> 5,44), non posso accontentarmi di un dialogo superficiale e formale, come quei negoziati spesso ostili tra partiti politici. Siamo chiamati a vivere l\u2019incontro politico come un incontro fraterno, soprattutto con coloro che sono meno d\u2019accordo con noi; e ci\u00f2 significa vedere in colui con cui dialoghiamo un vero fratello, un figlio amato di Dio. Questa arte dell\u2019incontro comincia dunque con un cambiamento di sguardo sull\u2019altro, con un accogliere e rispettare senza condizioni la sua persona. Se tale cambiamento del cuore non avviene, la politica rischia di trasformarsi in un confronto spesso violento per far trionfare le proprie idee, in una ricerca di interessi particolari piuttosto che del bene comune, contro il principio che \u201cl\u2019unit\u00e0 prevale sul conflitto\u201d (cfr <a href=\"https:\/\/www.vatican.va\/content\/francesco\/it\/apost_exhortations\/documents\/papa-francesco_esortazione-ap_20131124_evangelii-gaudium.html#L%E2%80%99unit%C3%A0_prevale_sul_conflitto\" target=\"_blank\" rel=\"noreferrer noopener\"><em>Evangelii gaudium<\/em>, 226-230<\/a>).<\/p>\n\n\n\n<p>Dal punto di vista cristiano, la politica \u00e8 anche <em>riflessione<\/em>, cio\u00e8 formulazione di un progetto comune. Un uomo politico del XVIII secolo, Edmund Burke, spiegava cos\u00ec agli elettori di Bristol che non avrebbe potuto limitarsi a difendere i loro interessi particolari, ma che sarebbe stato piuttosto inviato, a loro nome, per elaborare con gli altri membri del Parlamento una visione per il bene dell\u2019intero Paese, per il bene comune. Come cristiani, comprendiamo che la politica, oltre che attraverso l\u2019incontro, si porta avanti con una riflessione comune, alla ricerca di questo bene generale, e non semplicemente con il confronto degli interessi contrastanti e spesso opposti. Insomma, \u201cil tutto \u00e8 superiore alla parte\u201d (cfr <a href=\"https:\/\/www.vatican.va\/content\/francesco\/it\/apost_exhortations\/documents\/papa-francesco_esortazione-ap_20131124_evangelii-gaudium.html#Il_tutto_%C3%A8_superiore_alla_parte\"><em>ibid<\/em>.,<\/a><a href=\"https:\/\/www.vatican.va\/content\/francesco\/it\/apost_exhortations\/documents\/papa-francesco_esortazione-ap_20131124_evangelii-gaudium.html#Il_tutto_%C3%A8_superiore_alla_parte\" target=\"_blank\" rel=\"noreferrer noopener\"> <\/a><a href=\"https:\/\/www.vatican.va\/content\/francesco\/it\/apost_exhortations\/documents\/papa-francesco_esortazione-ap_20131124_evangelii-gaudium.html#Il_tutto_%C3%A8_superiore_alla_parte\">234-237<\/a>). E la nostra bussola per elaborare questo progetto comune \u00e8 il Vangelo, che apporta al mondo una visione profondamente positiva dell\u2019uomo amato da Dio.<\/p>\n\n\n\n<p>Infine, la politica \u00e8 anche <em>azione<\/em>. Mi rallegro che la vostra Fraternit\u00e0 non si accontenta di essere uno spazio di dibattito e di scambio, ma vi conduce anche a un impegno concreto. Come cristiani, abbiamo bisogno di confrontare sempre le nostre idee con lo spessore del reale, se non vogliamo costruire sulla sabbia che prima o poi finisce per cedere. Non dimentichiamo che \u201cla realt\u00e0 \u00e8 pi\u00f9 importante dell\u2019idea\u201d (cfr <a href=\"https:\/\/www.vatican.va\/content\/francesco\/it\/apost_exhortations\/documents\/papa-francesco_esortazione-ap_20131124_evangelii-gaudium.html#La_realt%C3%A0_%C3%A8_pi%C3%B9_importante_dell%E2%80%99idea\" target=\"_blank\" rel=\"noreferrer noopener\"><em>ibid<\/em>., 231-233<\/a>). E pertanto incoraggio il vostro impegno in favore dei migranti e dell\u2019ecologia. Cos\u00ec ho appreso che alcuni di voi hanno scelto di vivere insieme in mezzo a un quartiere popolare di Parigi, per stare in ascolto dei poveri: ecco un modo cristiano di fare politica! Non dimenticare queste linee, che la realt\u00e0 \u00e8 pi\u00f9 importante dell\u2019idea: non si pu\u00f2 fare politica con l\u2019ideologia. Il tutto \u00e8 superiore alla parte, e l\u2019unit\u00e0 \u00e8 superiore al conflitto. Sempre cercare l\u2019unit\u00e0 e non perdersi nel conflitto.<\/p>\n\n\n\n<p>Incontro, riflessione, azione: qui c\u2019\u00e8 un programma di politica in senso cristiano. Penso che voi ne facciate effettivamente esperienza, specialmente nei vostri incontri della domenica sera: \u00e8 pregando insieme il Padre da cui tutto procede, \u00e8 imitando Ges\u00f9 Cristo, \u00e8 mettendovi in ascolto dello Spirito Santo che la vostra cura per il bene comune acquista una forza interiore molto potente e stimolante. Perch\u00e9 \u00e8 cos\u00ec che si pratica la politica come \u201cla forma pi\u00f9 alta di carit\u00e0\u201d, come l\u2019aveva definita il Papa Pio XI.<\/p>\n\n\n\n<p>Mi fermo su una cosa che ha detto questo brasiliano simpatico: lui ha parlato di memoria, speranza e <em>asombro<\/em> \u2013 era cos\u00ec era, non \u00e8 vero? <em>Asombro<\/em>: non \u00e8 possibile la vita cristiana senza questo <em>asombro<\/em>, senza <em>lo stupore<\/em>. Lo stupore \u00e8 quello che mi fa sentire che sono in Ges\u00f9, con Ges\u00f9. Lo stupore di vedere la grandezza del Signore, la grandezza della sua Persona, la grandezza del suo programma, di sentire la grandezza delle Beatitudini come programma di vita. E poi quell\u2019altra parola\u2026 <em>memoria<\/em>\u2026 Memoria, speranza, stupore. Il passato, il futuro e il presente: non c\u2019\u00e8 futuro senza il presente, e non c\u2019\u00e8 speranza senza <em>lo stupore<\/em>. Coltivate la preghiera con il Vangelo per sentire lo stupore dell\u2019incontro con Ges\u00f9 Cristo.<\/p>\n\n\n\n<p>La mia preghiera vi accompagna su questo cammino. Vi ringrazio per il vostro ascolto e vi benedico. E, per favore, non dimenticatevi di pregare per me!<\/p>\n\n\n\n<p>E adesso, tutti insieme in preghiera, chiediamo al Signore che ci benedica. Signore Ges\u00f9, benedici tutti noi che lavoriamo vicino a te. Benedici le nostre idee, benedici i nostri cuori, benedici le nostre mani. Amen.<\/p>\n\n\n\n<div class=\"wp-block-image\"><figure class=\"aligncenter size-large\"><img decoding=\"async\" width=\"1024\" height=\"731\" src=\"https:\/\/fraternite-politique.chemin-neuf.org\/wp-content\/uploads\/2022\/05\/pope-with-young-politicians-1024x731.jpg\" alt=\"\" class=\"wp-image-7123\" srcset=\"https:\/\/fraternite-politique.chemin-neuf.org\/wp-content\/uploads\/2022\/05\/pope-with-young-politicians-1024x731.jpg 1024w, https:\/\/fraternite-politique.chemin-neuf.org\/wp-content\/uploads\/2022\/05\/pope-with-young-politicians-300x214.jpg 300w, https:\/\/fraternite-politique.chemin-neuf.org\/wp-content\/uploads\/2022\/05\/pope-with-young-politicians-768x548.jpg 768w, https:\/\/fraternite-politique.chemin-neuf.org\/wp-content\/uploads\/2022\/05\/pope-with-young-politicians.jpg 1182w\" sizes=\"(max-width: 1024px) 100vw, 1024px\" \/><\/figure><\/div>\n\n\n\n<p class=\"has-text-align-center has-extra-small-font-size\"><em><a href=\"https:\/\/www.vatican.va\/content\/francesco\/it\/speeches\/2022\/may\/documents\/20220516-chemin-neuf.html\">Vedere sul sito web del Vaticano<\/a><\/em><\/p>\n","protected":false},"excerpt":{"rendered":"<p>Pronunciato all&#8217;udienza del 16 maggio 2022<\/p>\n","protected":false},"author":6,"featured_media":7064,"comment_status":"open","ping_status":"open","sticky":false,"template":"","format":"standard","meta":{"_acf_changed":false,"footnotes":""},"categories":[122],"tags":[],"class_list":["post-7115","post","type-post","status-publish","format-standard","has-post-thumbnail","hentry","category-notizie"],"acf":[],"yoast_head":"<!-- This site is optimized with the Yoast SEO plugin v27.5 - https:\/\/yoast.com\/product\/yoast-seo-wordpress\/ -->\n<title>Discorso del Santo Padre Francescoalla Fraternit\u00e0 Politica - Politics Fraternity Chemin Neuf Community<\/title>\n<meta name=\"description\" content=\"Pronunciato all&#039;udienza del 16 maggio 2022\" \/>\n<meta name=\"robots\" content=\"index, follow, max-snippet:-1, max-image-preview:large, max-video-preview:-1\" \/>\n<link rel=\"canonical\" href=\"https:\/\/fraternite-politique.chemin-neuf.org\/it\/discorso-papa-francesco-udienza-2022\/\" \/>\n<meta property=\"og:locale\" content=\"it_IT\" \/>\n<meta property=\"og:type\" content=\"article\" \/>\n<meta property=\"og:title\" content=\"Discorso del Santo Padre Francescoalla Fraternit\u00e0 Politica - Politics Fraternity Chemin Neuf Community\" \/>\n<meta property=\"og:description\" content=\"Pronunciato all&#039;udienza del 16 maggio 2022\" \/>\n<meta property=\"og:url\" content=\"https:\/\/fraternite-politique.chemin-neuf.org\/it\/discorso-papa-francesco-udienza-2022\/\" \/>\n<meta property=\"og:site_name\" content=\"Politics Fraternity Chemin Neuf Community\" \/>\n<meta property=\"article:publisher\" content=\"https:\/\/www.facebook.com\/fratpolitiqueccn\" \/>\n<meta property=\"article:published_time\" content=\"2022-05-16T09:20:00+00:00\" \/>\n<meta property=\"article:modified_time\" content=\"2022-05-21T17:17:53+00:00\" \/>\n<meta property=\"og:image\" content=\"https:\/\/fraternite-politique.chemin-neuf.org\/wp-content\/uploads\/2021\/05\/2020-04-30-Audience-Pape-2.jpg\" \/>\n\t<meta property=\"og:image:width\" content=\"1280\" \/>\n\t<meta property=\"og:image:height\" content=\"720\" \/>\n\t<meta property=\"og:image:type\" content=\"image\/jpeg\" \/>\n<meta name=\"author\" content=\"Hugues Dubois\" \/>\n<meta name=\"twitter:card\" content=\"summary_large_image\" \/>\n<meta name=\"twitter:label1\" content=\"Scritto da\" \/>\n\t<meta name=\"twitter:data1\" content=\"Hugues Dubois\" \/>\n\t<meta name=\"twitter:label2\" content=\"Tempo di lettura stimato\" \/>\n\t<meta name=\"twitter:data2\" content=\"4 minuti\" \/>\n<script type=\"application\/ld+json\" class=\"yoast-schema-graph\">{\"@context\":\"https:\\\/\\\/schema.org\",\"@graph\":[{\"@type\":\"Article\",\"@id\":\"https:\\\/\\\/fraternite-politique.chemin-neuf.org\\\/it\\\/discorso-papa-francesco-udienza-2022\\\/#article\",\"isPartOf\":{\"@id\":\"https:\\\/\\\/fraternite-politique.chemin-neuf.org\\\/it\\\/discorso-papa-francesco-udienza-2022\\\/\"},\"author\":{\"name\":\"Hugues Dubois\",\"@id\":\"https:\\\/\\\/fraternite-politique.chemin-neuf.org\\\/it\\\/#\\\/schema\\\/person\\\/3f3fdb79554942d6296b48f30f5bf54d\"},\"headline\":\"Discorso del Santo Padre Francesco alla Fraternit\u00e0 Politica\",\"datePublished\":\"2022-05-16T09:20:00+00:00\",\"dateModified\":\"2022-05-21T17:17:53+00:00\",\"mainEntityOfPage\":{\"@id\":\"https:\\\/\\\/fraternite-politique.chemin-neuf.org\\\/it\\\/discorso-papa-francesco-udienza-2022\\\/\"},\"wordCount\":816,\"commentCount\":0,\"publisher\":{\"@id\":\"https:\\\/\\\/fraternite-politique.chemin-neuf.org\\\/it\\\/#organization\"},\"image\":{\"@id\":\"https:\\\/\\\/fraternite-politique.chemin-neuf.org\\\/it\\\/discorso-papa-francesco-udienza-2022\\\/#primaryimage\"},\"thumbnailUrl\":\"https:\\\/\\\/fraternite-politique.chemin-neuf.org\\\/wp-content\\\/uploads\\\/2021\\\/05\\\/2020-04-30-Audience-Pape-2.jpg\",\"articleSection\":[\"Notizie\"],\"inLanguage\":\"it-IT\",\"potentialAction\":[{\"@type\":\"CommentAction\",\"name\":\"Comment\",\"target\":[\"https:\\\/\\\/fraternite-politique.chemin-neuf.org\\\/it\\\/discorso-papa-francesco-udienza-2022\\\/#respond\"]}]},{\"@type\":\"WebPage\",\"@id\":\"https:\\\/\\\/fraternite-politique.chemin-neuf.org\\\/it\\\/discorso-papa-francesco-udienza-2022\\\/\",\"url\":\"https:\\\/\\\/fraternite-politique.chemin-neuf.org\\\/it\\\/discorso-papa-francesco-udienza-2022\\\/\",\"name\":\"Discorso del Santo Padre Francesco alla Fraternit\u00e0 Politica - Politics Fraternity Chemin Neuf Community\",\"isPartOf\":{\"@id\":\"https:\\\/\\\/fraternite-politique.chemin-neuf.org\\\/it\\\/#website\"},\"primaryImageOfPage\":{\"@id\":\"https:\\\/\\\/fraternite-politique.chemin-neuf.org\\\/it\\\/discorso-papa-francesco-udienza-2022\\\/#primaryimage\"},\"image\":{\"@id\":\"https:\\\/\\\/fraternite-politique.chemin-neuf.org\\\/it\\\/discorso-papa-francesco-udienza-2022\\\/#primaryimage\"},\"thumbnailUrl\":\"https:\\\/\\\/fraternite-politique.chemin-neuf.org\\\/wp-content\\\/uploads\\\/2021\\\/05\\\/2020-04-30-Audience-Pape-2.jpg\",\"datePublished\":\"2022-05-16T09:20:00+00:00\",\"dateModified\":\"2022-05-21T17:17:53+00:00\",\"description\":\"Pronunciato all'udienza del 16 maggio 2022\",\"breadcrumb\":{\"@id\":\"https:\\\/\\\/fraternite-politique.chemin-neuf.org\\\/it\\\/discorso-papa-francesco-udienza-2022\\\/#breadcrumb\"},\"inLanguage\":\"it-IT\",\"potentialAction\":[{\"@type\":\"ReadAction\",\"target\":[\"https:\\\/\\\/fraternite-politique.chemin-neuf.org\\\/it\\\/discorso-papa-francesco-udienza-2022\\\/\"]}]},{\"@type\":\"ImageObject\",\"inLanguage\":\"it-IT\",\"@id\":\"https:\\\/\\\/fraternite-politique.chemin-neuf.org\\\/it\\\/discorso-papa-francesco-udienza-2022\\\/#primaryimage\",\"url\":\"https:\\\/\\\/fraternite-politique.chemin-neuf.org\\\/wp-content\\\/uploads\\\/2021\\\/05\\\/2020-04-30-Audience-Pape-2.jpg\",\"contentUrl\":\"https:\\\/\\\/fraternite-politique.chemin-neuf.org\\\/wp-content\\\/uploads\\\/2021\\\/05\\\/2020-04-30-Audience-Pape-2.jpg\",\"width\":1280,\"height\":720},{\"@type\":\"BreadcrumbList\",\"@id\":\"https:\\\/\\\/fraternite-politique.chemin-neuf.org\\\/it\\\/discorso-papa-francesco-udienza-2022\\\/#breadcrumb\",\"itemListElement\":[{\"@type\":\"ListItem\",\"position\":1,\"name\":\"Home\",\"item\":\"https:\\\/\\\/fraternite-politique.chemin-neuf.org\\\/it\\\/\"},{\"@type\":\"ListItem\",\"position\":2,\"name\":\"Discorso del Santo Padre Francescoalla Fraternit\u00e0 Politica\"}]},{\"@type\":\"WebSite\",\"@id\":\"https:\\\/\\\/fraternite-politique.chemin-neuf.org\\\/it\\\/#website\",\"url\":\"https:\\\/\\\/fraternite-politique.chemin-neuf.org\\\/it\\\/\",\"name\":\"Politics Fraternity Chemin Neuf Community\",\"description\":\"Politics Fraternity of Chemin Neuf Community\",\"publisher\":{\"@id\":\"https:\\\/\\\/fraternite-politique.chemin-neuf.org\\\/it\\\/#organization\"},\"potentialAction\":[{\"@type\":\"SearchAction\",\"target\":{\"@type\":\"EntryPoint\",\"urlTemplate\":\"https:\\\/\\\/fraternite-politique.chemin-neuf.org\\\/it\\\/?s={search_term_string}\"},\"query-input\":{\"@type\":\"PropertyValueSpecification\",\"valueRequired\":true,\"valueName\":\"search_term_string\"}}],\"inLanguage\":\"it-IT\"},{\"@type\":\"Organization\",\"@id\":\"https:\\\/\\\/fraternite-politique.chemin-neuf.org\\\/it\\\/#organization\",\"name\":\"Fraternit\u00e9 Politique Communaut\u00e9 du Chemin Neuf\",\"url\":\"https:\\\/\\\/fraternite-politique.chemin-neuf.org\\\/it\\\/\",\"logo\":{\"@type\":\"ImageObject\",\"inLanguage\":\"it-IT\",\"@id\":\"https:\\\/\\\/fraternite-politique.chemin-neuf.org\\\/it\\\/#\\\/schema\\\/logo\\\/image\\\/\",\"url\":\"https:\\\/\\\/fraternite-politique.chemin-neuf.org\\\/wp-content\\\/uploads\\\/2021\\\/02\\\/cropped-ccn-png-onglet-site-v3-large.png\",\"contentUrl\":\"https:\\\/\\\/fraternite-politique.chemin-neuf.org\\\/wp-content\\\/uploads\\\/2021\\\/02\\\/cropped-ccn-png-onglet-site-v3-large.png\",\"width\":512,\"height\":512,\"caption\":\"Fraternit\u00e9 Politique Communaut\u00e9 du Chemin Neuf\"},\"image\":{\"@id\":\"https:\\\/\\\/fraternite-politique.chemin-neuf.org\\\/it\\\/#\\\/schema\\\/logo\\\/image\\\/\"},\"sameAs\":[\"https:\\\/\\\/www.facebook.com\\\/fratpolitiqueccn\",\"https:\\\/\\\/instagram.com\\\/fratpo\",\"https:\\\/\\\/www.youtube.com\\\/channel\\\/UC6YodqkqOIniLyqOfjMLojw\"]},{\"@type\":\"Person\",\"@id\":\"https:\\\/\\\/fraternite-politique.chemin-neuf.org\\\/it\\\/#\\\/schema\\\/person\\\/3f3fdb79554942d6296b48f30f5bf54d\",\"name\":\"Hugues Dubois\",\"image\":{\"@type\":\"ImageObject\",\"inLanguage\":\"it-IT\",\"@id\":\"https:\\\/\\\/secure.gravatar.com\\\/avatar\\\/e3fb734d781fccf29f8200f9f75b219bc432753d25b215781dd03c3c26005263?s=96&d=mm&r=g\",\"url\":\"https:\\\/\\\/secure.gravatar.com\\\/avatar\\\/e3fb734d781fccf29f8200f9f75b219bc432753d25b215781dd03c3c26005263?s=96&d=mm&r=g\",\"contentUrl\":\"https:\\\/\\\/secure.gravatar.com\\\/avatar\\\/e3fb734d781fccf29f8200f9f75b219bc432753d25b215781dd03c3c26005263?s=96&d=mm&r=g\",\"caption\":\"Hugues Dubois\"}}]}<\/script>\n<!-- \/ Yoast SEO plugin. -->","yoast_head_json":{"title":"Discorso del Santo Padre Francescoalla Fraternit\u00e0 Politica - Politics Fraternity Chemin Neuf Community","description":"Pronunciato all'udienza del 16 maggio 2022","robots":{"index":"index","follow":"follow","max-snippet":"max-snippet:-1","max-image-preview":"max-image-preview:large","max-video-preview":"max-video-preview:-1"},"canonical":"https:\/\/fraternite-politique.chemin-neuf.org\/it\/discorso-papa-francesco-udienza-2022\/","og_locale":"it_IT","og_type":"article","og_title":"Discorso del Santo Padre Francescoalla Fraternit\u00e0 Politica - Politics Fraternity Chemin Neuf Community","og_description":"Pronunciato all'udienza del 16 maggio 2022","og_url":"https:\/\/fraternite-politique.chemin-neuf.org\/it\/discorso-papa-francesco-udienza-2022\/","og_site_name":"Politics Fraternity Chemin Neuf Community","article_publisher":"https:\/\/www.facebook.com\/fratpolitiqueccn","article_published_time":"2022-05-16T09:20:00+00:00","article_modified_time":"2022-05-21T17:17:53+00:00","og_image":[{"width":1280,"height":720,"url":"https:\/\/fraternite-politique.chemin-neuf.org\/wp-content\/uploads\/2021\/05\/2020-04-30-Audience-Pape-2.jpg","type":"image\/jpeg"}],"author":"Hugues Dubois","twitter_card":"summary_large_image","twitter_misc":{"Scritto da":"Hugues Dubois","Tempo di lettura stimato":"4 minuti"},"schema":{"@context":"https:\/\/schema.org","@graph":[{"@type":"Article","@id":"https:\/\/fraternite-politique.chemin-neuf.org\/it\/discorso-papa-francesco-udienza-2022\/#article","isPartOf":{"@id":"https:\/\/fraternite-politique.chemin-neuf.org\/it\/discorso-papa-francesco-udienza-2022\/"},"author":{"name":"Hugues Dubois","@id":"https:\/\/fraternite-politique.chemin-neuf.org\/it\/#\/schema\/person\/3f3fdb79554942d6296b48f30f5bf54d"},"headline":"Discorso del Santo Padre Francesco alla Fraternit\u00e0 Politica","datePublished":"2022-05-16T09:20:00+00:00","dateModified":"2022-05-21T17:17:53+00:00","mainEntityOfPage":{"@id":"https:\/\/fraternite-politique.chemin-neuf.org\/it\/discorso-papa-francesco-udienza-2022\/"},"wordCount":816,"commentCount":0,"publisher":{"@id":"https:\/\/fraternite-politique.chemin-neuf.org\/it\/#organization"},"image":{"@id":"https:\/\/fraternite-politique.chemin-neuf.org\/it\/discorso-papa-francesco-udienza-2022\/#primaryimage"},"thumbnailUrl":"https:\/\/fraternite-politique.chemin-neuf.org\/wp-content\/uploads\/2021\/05\/2020-04-30-Audience-Pape-2.jpg","articleSection":["Notizie"],"inLanguage":"it-IT","potentialAction":[{"@type":"CommentAction","name":"Comment","target":["https:\/\/fraternite-politique.chemin-neuf.org\/it\/discorso-papa-francesco-udienza-2022\/#respond"]}]},{"@type":"WebPage","@id":"https:\/\/fraternite-politique.chemin-neuf.org\/it\/discorso-papa-francesco-udienza-2022\/","url":"https:\/\/fraternite-politique.chemin-neuf.org\/it\/discorso-papa-francesco-udienza-2022\/","name":"Discorso del Santo Padre Francesco alla Fraternit\u00e0 Politica - Politics Fraternity Chemin Neuf Community","isPartOf":{"@id":"https:\/\/fraternite-politique.chemin-neuf.org\/it\/#website"},"primaryImageOfPage":{"@id":"https:\/\/fraternite-politique.chemin-neuf.org\/it\/discorso-papa-francesco-udienza-2022\/#primaryimage"},"image":{"@id":"https:\/\/fraternite-politique.chemin-neuf.org\/it\/discorso-papa-francesco-udienza-2022\/#primaryimage"},"thumbnailUrl":"https:\/\/fraternite-politique.chemin-neuf.org\/wp-content\/uploads\/2021\/05\/2020-04-30-Audience-Pape-2.jpg","datePublished":"2022-05-16T09:20:00+00:00","dateModified":"2022-05-21T17:17:53+00:00","description":"Pronunciato all'udienza del 16 maggio 2022","breadcrumb":{"@id":"https:\/\/fraternite-politique.chemin-neuf.org\/it\/discorso-papa-francesco-udienza-2022\/#breadcrumb"},"inLanguage":"it-IT","potentialAction":[{"@type":"ReadAction","target":["https:\/\/fraternite-politique.chemin-neuf.org\/it\/discorso-papa-francesco-udienza-2022\/"]}]},{"@type":"ImageObject","inLanguage":"it-IT","@id":"https:\/\/fraternite-politique.chemin-neuf.org\/it\/discorso-papa-francesco-udienza-2022\/#primaryimage","url":"https:\/\/fraternite-politique.chemin-neuf.org\/wp-content\/uploads\/2021\/05\/2020-04-30-Audience-Pape-2.jpg","contentUrl":"https:\/\/fraternite-politique.chemin-neuf.org\/wp-content\/uploads\/2021\/05\/2020-04-30-Audience-Pape-2.jpg","width":1280,"height":720},{"@type":"BreadcrumbList","@id":"https:\/\/fraternite-politique.chemin-neuf.org\/it\/discorso-papa-francesco-udienza-2022\/#breadcrumb","itemListElement":[{"@type":"ListItem","position":1,"name":"Home","item":"https:\/\/fraternite-politique.chemin-neuf.org\/it\/"},{"@type":"ListItem","position":2,"name":"Discorso del Santo Padre Francescoalla Fraternit\u00e0 Politica"}]},{"@type":"WebSite","@id":"https:\/\/fraternite-politique.chemin-neuf.org\/it\/#website","url":"https:\/\/fraternite-politique.chemin-neuf.org\/it\/","name":"Politics Fraternity Chemin Neuf Community","description":"Politics Fraternity of Chemin Neuf Community","publisher":{"@id":"https:\/\/fraternite-politique.chemin-neuf.org\/it\/#organization"},"potentialAction":[{"@type":"SearchAction","target":{"@type":"EntryPoint","urlTemplate":"https:\/\/fraternite-politique.chemin-neuf.org\/it\/?s={search_term_string}"},"query-input":{"@type":"PropertyValueSpecification","valueRequired":true,"valueName":"search_term_string"}}],"inLanguage":"it-IT"},{"@type":"Organization","@id":"https:\/\/fraternite-politique.chemin-neuf.org\/it\/#organization","name":"Fraternit\u00e9 Politique Communaut\u00e9 du Chemin Neuf","url":"https:\/\/fraternite-politique.chemin-neuf.org\/it\/","logo":{"@type":"ImageObject","inLanguage":"it-IT","@id":"https:\/\/fraternite-politique.chemin-neuf.org\/it\/#\/schema\/logo\/image\/","url":"https:\/\/fraternite-politique.chemin-neuf.org\/wp-content\/uploads\/2021\/02\/cropped-ccn-png-onglet-site-v3-large.png","contentUrl":"https:\/\/fraternite-politique.chemin-neuf.org\/wp-content\/uploads\/2021\/02\/cropped-ccn-png-onglet-site-v3-large.png","width":512,"height":512,"caption":"Fraternit\u00e9 Politique Communaut\u00e9 du Chemin Neuf"},"image":{"@id":"https:\/\/fraternite-politique.chemin-neuf.org\/it\/#\/schema\/logo\/image\/"},"sameAs":["https:\/\/www.facebook.com\/fratpolitiqueccn","https:\/\/instagram.com\/fratpo","https:\/\/www.youtube.com\/channel\/UC6YodqkqOIniLyqOfjMLojw"]},{"@type":"Person","@id":"https:\/\/fraternite-politique.chemin-neuf.org\/it\/#\/schema\/person\/3f3fdb79554942d6296b48f30f5bf54d","name":"Hugues Dubois","image":{"@type":"ImageObject","inLanguage":"it-IT","@id":"https:\/\/secure.gravatar.com\/avatar\/e3fb734d781fccf29f8200f9f75b219bc432753d25b215781dd03c3c26005263?s=96&d=mm&r=g","url":"https:\/\/secure.gravatar.com\/avatar\/e3fb734d781fccf29f8200f9f75b219bc432753d25b215781dd03c3c26005263?s=96&d=mm&r=g","contentUrl":"https:\/\/secure.gravatar.com\/avatar\/e3fb734d781fccf29f8200f9f75b219bc432753d25b215781dd03c3c26005263?s=96&d=mm&r=g","caption":"Hugues Dubois"}}]}},"_links":{"self":[{"href":"https:\/\/fraternite-politique.chemin-neuf.org\/it\/wp-json\/wp\/v2\/posts\/7115","targetHints":{"allow":["GET"]}}],"collection":[{"href":"https:\/\/fraternite-politique.chemin-neuf.org\/it\/wp-json\/wp\/v2\/posts"}],"about":[{"href":"https:\/\/fraternite-politique.chemin-neuf.org\/it\/wp-json\/wp\/v2\/types\/post"}],"author":[{"embeddable":true,"href":"https:\/\/fraternite-politique.chemin-neuf.org\/it\/wp-json\/wp\/v2\/users\/6"}],"replies":[{"embeddable":true,"href":"https:\/\/fraternite-politique.chemin-neuf.org\/it\/wp-json\/wp\/v2\/comments?post=7115"}],"version-history":[{"count":1,"href":"https:\/\/fraternite-politique.chemin-neuf.org\/it\/wp-json\/wp\/v2\/posts\/7115\/revisions"}],"predecessor-version":[{"id":7131,"href":"https:\/\/fraternite-politique.chemin-neuf.org\/it\/wp-json\/wp\/v2\/posts\/7115\/revisions\/7131"}],"wp:featuredmedia":[{"embeddable":true,"href":"https:\/\/fraternite-politique.chemin-neuf.org\/it\/wp-json\/wp\/v2\/media\/7064"}],"wp:attachment":[{"href":"https:\/\/fraternite-politique.chemin-neuf.org\/it\/wp-json\/wp\/v2\/media?parent=7115"}],"wp:term":[{"taxonomy":"category","embeddable":true,"href":"https:\/\/fraternite-politique.chemin-neuf.org\/it\/wp-json\/wp\/v2\/categories?post=7115"},{"taxonomy":"post_tag","embeddable":true,"href":"https:\/\/fraternite-politique.chemin-neuf.org\/it\/wp-json\/wp\/v2\/tags?post=7115"}],"curies":[{"name":"wp","href":"https:\/\/api.w.org\/{rel}","templated":true}]}}