{"id":473,"date":"2021-02-01T09:18:02","date_gmt":"2021-02-01T09:18:02","guid":{"rendered":"https:\/\/next.chemin-neuf.org.uk\/?p=473"},"modified":"2021-03-11T16:58:43","modified_gmt":"2021-03-11T15:58:43","slug":"plaidoyer-2020-fraternite","status":"publish","type":"post","link":"https:\/\/fraternite-politique.chemin-neuf.org\/fr\/plaidoyer-2020-fraternite\/","title":{"rendered":"APPEL URGENT A LA FRATERNITE"},"content":{"rendered":"\n<p class=\"has-text-align-right has-small-font-size\">Novembre 2020<\/p>\n\n\n\n<p class=\"has-large-font-size\"><em>La Fraternit\u00e9 Politique du Chemin Neuf regroupe des jeunes de 18 \u00e0 35 ans, de diff\u00e9rents pays et cultures politiques, anim\u00e9s d\u2019une m\u00eame passion pour le Bien commun et les pauvres, et d\u00e9sireux d\u2019agir en politique selon le c\u0153ur de Dieu.<\/em><\/p>\n\n\n\n<p class=\"has-normal-font-size\">Ces derni\u00e8res semaines ont \u00e9t\u00e9 marqu\u00e9es par un contexte d\u2019une violence extr\u00eame avec les diff\u00e9rents attentats en France ou \u00e0 Vienne. Il nous semble important de r\u00e9agir face \u00e0 ces \u00e9v\u00e9nements tragiques et inacceptables pour partager un chemin d\u2019esp\u00e9rance.<\/p>\n\n\n\n<p class=\"has-normal-font-size\">Dans ce contexte de crises multiples (sanitaire, sociale, politique, \u00e9conomique, \u00e9cologique), qui fragilisent d\u2019autant plus notre vivre-ensemble, nous voulons combattre la tentation du repli identitaire. Plus que jamais, nous portons la conviction que <strong><span class=\"has-inline-color has-orange-color\">seuls la solidarit\u00e9, la fraternit\u00e9 et le dialogue construiront l\u2019<em>amiti\u00e9 sociale<\/em><\/span><\/strong> (1) \u00e0 laquelle tous aspirent.<\/p>\n\n\n\n<p class=\"has-normal-font-size\">Unis \u00e0 la parole de l\u2019\u00c9glise aujourd\u2019hui &#8211; dans la derni\u00e8re encyclique <em>Fratelli Tutti<\/em> (1) ou le r\u00e9cent communiqu\u00e9 des \u00e9v\u00eaques de France (2) &#8211; <strong><span class=\"has-inline-color has-orange-color\">nous, jeunes de la Fraternit\u00e9 Politique du Chemin Neuf, lan\u00e7ons un appel urgent \u00e0 la fraternit\u00e9<\/span><\/strong>.<\/p>\n\n\n\n<p class=\"has-normal-font-size\">Inspir\u00e9s par le dialogue \u0153cum\u00e9nique et le travail pour l\u2019unit\u00e9 de la communaut\u00e9 du Chemin Neuf, <strong><span class=\"has-inline-color has-orange-color\">nous voyons les fruits d\u2019un \u00e9change interconfessionnel, interconvictionnel et interculturel<\/span><\/strong>. Guid\u00e9s par le Christ et r\u00e9solument engag\u00e9s au c\u0153ur du monde, avec tous et pas uniquement entre chr\u00e9tiens, <strong><span class=\"has-inline-color has-orange-color\">nous voulons incarner cette fraternit\u00e9 en actes<\/span><\/strong>. Militants, \u00e9lus, passionn\u00e9s du Bien Commun, <strong><span class=\"has-inline-color has-orange-color\">nous cherchons par nos choix \u00e0 accueillir et rencontrer nos fr\u00e8res en humanit\u00e9<\/span><\/strong>, pour promouvoir \u00ab <em>cette heureuse appartenance commune, \u00e0 laquelle nous ne pouvons pas nous soustraire : le fait d\u2019\u00eatre fr\u00e8res<\/em>. \u00bb (3).<\/p>\n\n\n\n<p class=\"has-normal-font-size\">Le manifeste (4) qui nous unit proclame :<\/p>\n\n\n\n<blockquote class=\"wp-block-quote is-layout-flow wp-block-quote-is-layout-flow\"><p><em>Parce que la violence engendre la violence,<\/em><br><em>Parce que nous voulons construire des ponts plut\u00f4t que des murs,<\/em><br><em><span class=\"has-inline-color has-orange-color\"><strong>Nous apprenons \u00e0 pardonner \u00e0 nos ennemis<\/strong>.<\/span><\/em><br><em>Parce qu\u2019il est possible de vivre paisiblement nos d\u00e9saccords,<\/em><br><em>Parce que la rencontre avec l\u2019autre diff\u00e9rent nous rend plus intelligents,<\/em><br><em><strong><span class=\"has-inline-color has-orange-color\">Nous faisons de notre diversit\u00e9 un fondement de notre fraternit\u00e9.<\/span><\/strong><\/em><\/p><cite>Manifeste de la Fraternit\u00e9 Politique<\/cite><\/blockquote>\n\n\n\n<p class=\"has-normal-font-size\">Ensemble, faisons de ces mots une r\u00e9alit\u00e9 !<\/p>\n\n\n\n<p>____________________<\/p>\n\n\n\n<p>(1) cf <a href=\"http:\/\/www.vatican.va\/content\/francesco\/fr\/encyclicals\/documents\/papa-francesco_20201003_enciclica-fratelli-tutti.html\" target=\"_blank\" rel=\"noreferrer noopener\">Fratelli Tutti<\/a>, lettre encyclique du pape Fran\u00e7ois sur la fraternit\u00e9 et l\u2019amiti\u00e9 sociale<\/p>\n\n\n\n<p>(2) <a href=\"https:\/\/eglise.catholique.fr\/espace-presse\/communiques-de-presse\/508409-de-vraie-liberte-respect-fraternite\/\" target=\"_blank\" rel=\"noreferrer noopener\">Pas de vraie libert\u00e9 sans respect et sans fraternit\u00e9<\/a> (7 novembre 2020)<\/p>\n\n\n\n<p>(3) <a href=\"http:\/\/www.vatican.va\/content\/francesco\/fr\/encyclicals\/documents\/papa-francesco_20201003_enciclica-fratelli-tutti.html#32\" target=\"_blank\" rel=\"noreferrer noopener\">Fratelli Tutti, \u00a732<\/a><\/p>\n\n\n\n<p>(4) Extraits du <a href=\"https:\/\/fraternite-politique.chemin-neuf.org\/fr\/qui-sommes-nous\/manifeste\/\" target=\"_blank\" rel=\"noreferrer noopener\">Manifeste de la Fraternit\u00e9 Politique <\/a>(texte fondateur proclam\u00e9 en 2016)<\/p>\n","protected":false},"excerpt":{"rendered":"<p>Nous portons la conviction que seuls la solidarit\u00e9, la fraternit\u00e9 et le dialogue construiront l\u2019amiti\u00e9 sociale \u00e0 laquelle tous aspirent.<\/p>\n","protected":false},"author":6,"featured_media":474,"comment_status":"open","ping_status":"open","sticky":false,"template":"","format":"standard","meta":{"_acf_changed":false,"footnotes":""},"categories":[24,14],"tags":[],"class_list":["post-473","post","type-post","status-publish","format-standard","has-post-thumbnail","hentry","category-plaidoyers","category-uncategorized"],"acf":[],"yoast_head":"<!-- This site is optimized with the Yoast SEO plugin v27.5 - https:\/\/yoast.com\/product\/yoast-seo-wordpress\/ -->\n<title>APPEL URGENT A LA FRATERNITE - Fraternit\u00e9 Politique de la Communaut\u00e9 du Chemin Neuf<\/title>\n<meta name=\"description\" content=\"Nous portons la conviction que seuls la solidarit\u00e9, la fraternit\u00e9 et le dialogue construiront l\u2019amiti\u00e9 sociale \u00e0 laquelle tous aspirent.\" \/>\n<meta name=\"robots\" content=\"index, follow, max-snippet:-1, max-image-preview:large, max-video-preview:-1\" \/>\n<link rel=\"canonical\" href=\"https:\/\/fraternite-politique.chemin-neuf.org\/fr\/plaidoyer-2020-fraternite\/\" \/>\n<meta property=\"og:locale\" content=\"fr_FR\" \/>\n<meta property=\"og:type\" content=\"article\" \/>\n<meta property=\"og:title\" content=\"APPEL URGENT A LA FRATERNITE - Fraternit\u00e9 Politique de la Communaut\u00e9 du Chemin Neuf\" \/>\n<meta property=\"og:description\" content=\"Nous portons la conviction que seuls la solidarit\u00e9, la fraternit\u00e9 et le dialogue construiront l\u2019amiti\u00e9 sociale \u00e0 laquelle tous aspirent.\" \/>\n<meta property=\"og:url\" content=\"https:\/\/fraternite-politique.chemin-neuf.org\/fr\/plaidoyer-2020-fraternite\/\" \/>\n<meta property=\"og:site_name\" content=\"Fraternit\u00e9 Politique de la Communaut\u00e9 du Chemin Neuf\" \/>\n<meta property=\"article:publisher\" content=\"https:\/\/www.facebook.com\/fratpolitiqueccn\" \/>\n<meta property=\"article:published_time\" content=\"2021-02-01T09:18:02+00:00\" \/>\n<meta property=\"article:modified_time\" content=\"2021-03-11T15:58:43+00:00\" \/>\n<meta property=\"og:image\" content=\"https:\/\/fraternite-politique.chemin-neuf.org\/wp-content\/uploads\/2021\/02\/vive-la-fraternite.jpeg\" \/>\n\t<meta property=\"og:image:width\" content=\"1600\" \/>\n\t<meta property=\"og:image:height\" content=\"1064\" \/>\n\t<meta property=\"og:image:type\" content=\"image\/jpeg\" \/>\n<meta name=\"author\" content=\"Hugues Dubois\" \/>\n<meta name=\"twitter:card\" content=\"summary_large_image\" \/>\n<meta name=\"twitter:label1\" content=\"\u00c9crit par\" \/>\n\t<meta name=\"twitter:data1\" content=\"Hugues Dubois\" \/>\n\t<meta name=\"twitter:label2\" content=\"Dur\u00e9e de lecture estim\u00e9e\" \/>\n\t<meta name=\"twitter:data2\" content=\"2 minutes\" \/>\n<script type=\"application\/ld+json\" class=\"yoast-schema-graph\">{\"@context\":\"https:\\\/\\\/schema.org\",\"@graph\":[{\"@type\":\"Article\",\"@id\":\"https:\\\/\\\/fraternite-politique.chemin-neuf.org\\\/fr\\\/plaidoyer-2020-fraternite\\\/#article\",\"isPartOf\":{\"@id\":\"https:\\\/\\\/fraternite-politique.chemin-neuf.org\\\/fr\\\/plaidoyer-2020-fraternite\\\/\"},\"author\":{\"name\":\"Hugues Dubois\",\"@id\":\"https:\\\/\\\/fraternite-politique.chemin-neuf.org\\\/fr\\\/#\\\/schema\\\/person\\\/3f3fdb79554942d6296b48f30f5bf54d\"},\"headline\":\"APPEL URGENT A LA FRATERNITE\",\"datePublished\":\"2021-02-01T09:18:02+00:00\",\"dateModified\":\"2021-03-11T15:58:43+00:00\",\"mainEntityOfPage\":{\"@id\":\"https:\\\/\\\/fraternite-politique.chemin-neuf.org\\\/fr\\\/plaidoyer-2020-fraternite\\\/\"},\"wordCount\":404,\"commentCount\":0,\"publisher\":{\"@id\":\"https:\\\/\\\/fraternite-politique.chemin-neuf.org\\\/fr\\\/#organization\"},\"image\":{\"@id\":\"https:\\\/\\\/fraternite-politique.chemin-neuf.org\\\/fr\\\/plaidoyer-2020-fraternite\\\/#primaryimage\"},\"thumbnailUrl\":\"https:\\\/\\\/fraternite-politique.chemin-neuf.org\\\/wp-content\\\/uploads\\\/2021\\\/02\\\/vive-la-fraternite.jpeg\",\"articleSection\":[\"Plaidoyers\",\"Uncategorized\"],\"inLanguage\":\"fr-FR\",\"potentialAction\":[{\"@type\":\"CommentAction\",\"name\":\"Comment\",\"target\":[\"https:\\\/\\\/fraternite-politique.chemin-neuf.org\\\/fr\\\/plaidoyer-2020-fraternite\\\/#respond\"]}]},{\"@type\":\"WebPage\",\"@id\":\"https:\\\/\\\/fraternite-politique.chemin-neuf.org\\\/fr\\\/plaidoyer-2020-fraternite\\\/\",\"url\":\"https:\\\/\\\/fraternite-politique.chemin-neuf.org\\\/fr\\\/plaidoyer-2020-fraternite\\\/\",\"name\":\"APPEL URGENT A LA FRATERNITE - Fraternit\u00e9 Politique de la Communaut\u00e9 du Chemin Neuf\",\"isPartOf\":{\"@id\":\"https:\\\/\\\/fraternite-politique.chemin-neuf.org\\\/fr\\\/#website\"},\"primaryImageOfPage\":{\"@id\":\"https:\\\/\\\/fraternite-politique.chemin-neuf.org\\\/fr\\\/plaidoyer-2020-fraternite\\\/#primaryimage\"},\"image\":{\"@id\":\"https:\\\/\\\/fraternite-politique.chemin-neuf.org\\\/fr\\\/plaidoyer-2020-fraternite\\\/#primaryimage\"},\"thumbnailUrl\":\"https:\\\/\\\/fraternite-politique.chemin-neuf.org\\\/wp-content\\\/uploads\\\/2021\\\/02\\\/vive-la-fraternite.jpeg\",\"datePublished\":\"2021-02-01T09:18:02+00:00\",\"dateModified\":\"2021-03-11T15:58:43+00:00\",\"description\":\"Nous portons la conviction que seuls la solidarit\u00e9, la fraternit\u00e9 et le dialogue construiront l\u2019amiti\u00e9 sociale \u00e0 laquelle tous aspirent.\",\"breadcrumb\":{\"@id\":\"https:\\\/\\\/fraternite-politique.chemin-neuf.org\\\/fr\\\/plaidoyer-2020-fraternite\\\/#breadcrumb\"},\"inLanguage\":\"fr-FR\",\"potentialAction\":[{\"@type\":\"ReadAction\",\"target\":[\"https:\\\/\\\/fraternite-politique.chemin-neuf.org\\\/fr\\\/plaidoyer-2020-fraternite\\\/\"]}]},{\"@type\":\"ImageObject\",\"inLanguage\":\"fr-FR\",\"@id\":\"https:\\\/\\\/fraternite-politique.chemin-neuf.org\\\/fr\\\/plaidoyer-2020-fraternite\\\/#primaryimage\",\"url\":\"https:\\\/\\\/fraternite-politique.chemin-neuf.org\\\/wp-content\\\/uploads\\\/2021\\\/02\\\/vive-la-fraternite.jpeg\",\"contentUrl\":\"https:\\\/\\\/fraternite-politique.chemin-neuf.org\\\/wp-content\\\/uploads\\\/2021\\\/02\\\/vive-la-fraternite.jpeg\",\"width\":1600,\"height\":1064},{\"@type\":\"BreadcrumbList\",\"@id\":\"https:\\\/\\\/fraternite-politique.chemin-neuf.org\\\/fr\\\/plaidoyer-2020-fraternite\\\/#breadcrumb\",\"itemListElement\":[{\"@type\":\"ListItem\",\"position\":1,\"name\":\"Home\",\"item\":\"https:\\\/\\\/fraternite-politique.chemin-neuf.org\\\/fr\\\/\"},{\"@type\":\"ListItem\",\"position\":2,\"name\":\"APPEL URGENT A LA FRATERNITE\"}]},{\"@type\":\"WebSite\",\"@id\":\"https:\\\/\\\/fraternite-politique.chemin-neuf.org\\\/fr\\\/#website\",\"url\":\"https:\\\/\\\/fraternite-politique.chemin-neuf.org\\\/fr\\\/\",\"name\":\"Fraternit\u00e9 Politique de la Communaut\u00e9 du Chemin Neuf\",\"description\":\"La Fraternit\u00e9 Politique de la Communaut\u00e9 du Chemin Neuf\",\"publisher\":{\"@id\":\"https:\\\/\\\/fraternite-politique.chemin-neuf.org\\\/fr\\\/#organization\"},\"potentialAction\":[{\"@type\":\"SearchAction\",\"target\":{\"@type\":\"EntryPoint\",\"urlTemplate\":\"https:\\\/\\\/fraternite-politique.chemin-neuf.org\\\/fr\\\/?s={search_term_string}\"},\"query-input\":{\"@type\":\"PropertyValueSpecification\",\"valueRequired\":true,\"valueName\":\"search_term_string\"}}],\"inLanguage\":\"fr-FR\"},{\"@type\":\"Organization\",\"@id\":\"https:\\\/\\\/fraternite-politique.chemin-neuf.org\\\/fr\\\/#organization\",\"name\":\"Fraternit\u00e9 Politique Communaut\u00e9 du Chemin Neuf\",\"url\":\"https:\\\/\\\/fraternite-politique.chemin-neuf.org\\\/fr\\\/\",\"logo\":{\"@type\":\"ImageObject\",\"inLanguage\":\"fr-FR\",\"@id\":\"https:\\\/\\\/fraternite-politique.chemin-neuf.org\\\/fr\\\/#\\\/schema\\\/logo\\\/image\\\/\",\"url\":\"https:\\\/\\\/fraternite-politique.chemin-neuf.org\\\/wp-content\\\/uploads\\\/2021\\\/02\\\/cropped-ccn-png-onglet-site-v3-large.png\",\"contentUrl\":\"https:\\\/\\\/fraternite-politique.chemin-neuf.org\\\/wp-content\\\/uploads\\\/2021\\\/02\\\/cropped-ccn-png-onglet-site-v3-large.png\",\"width\":512,\"height\":512,\"caption\":\"Fraternit\u00e9 Politique Communaut\u00e9 du Chemin Neuf\"},\"image\":{\"@id\":\"https:\\\/\\\/fraternite-politique.chemin-neuf.org\\\/fr\\\/#\\\/schema\\\/logo\\\/image\\\/\"},\"sameAs\":[\"https:\\\/\\\/www.facebook.com\\\/fratpolitiqueccn\",\"https:\\\/\\\/instagram.com\\\/fratpo\",\"https:\\\/\\\/www.youtube.com\\\/channel\\\/UC6YodqkqOIniLyqOfjMLojw\"]},{\"@type\":\"Person\",\"@id\":\"https:\\\/\\\/fraternite-politique.chemin-neuf.org\\\/fr\\\/#\\\/schema\\\/person\\\/3f3fdb79554942d6296b48f30f5bf54d\",\"name\":\"Hugues Dubois\",\"image\":{\"@type\":\"ImageObject\",\"inLanguage\":\"fr-FR\",\"@id\":\"https:\\\/\\\/secure.gravatar.com\\\/avatar\\\/e3fb734d781fccf29f8200f9f75b219bc432753d25b215781dd03c3c26005263?s=96&d=mm&r=g\",\"url\":\"https:\\\/\\\/secure.gravatar.com\\\/avatar\\\/e3fb734d781fccf29f8200f9f75b219bc432753d25b215781dd03c3c26005263?s=96&d=mm&r=g\",\"contentUrl\":\"https:\\\/\\\/secure.gravatar.com\\\/avatar\\\/e3fb734d781fccf29f8200f9f75b219bc432753d25b215781dd03c3c26005263?s=96&d=mm&r=g\",\"caption\":\"Hugues Dubois\"}}]}<\/script>\n<!-- \/ Yoast SEO plugin. -->","yoast_head_json":{"title":"APPEL URGENT A LA FRATERNITE - Fraternit\u00e9 Politique de la Communaut\u00e9 du Chemin Neuf","description":"Nous portons la conviction que seuls la solidarit\u00e9, la fraternit\u00e9 et le dialogue construiront l\u2019amiti\u00e9 sociale \u00e0 laquelle tous aspirent.","robots":{"index":"index","follow":"follow","max-snippet":"max-snippet:-1","max-image-preview":"max-image-preview:large","max-video-preview":"max-video-preview:-1"},"canonical":"https:\/\/fraternite-politique.chemin-neuf.org\/fr\/plaidoyer-2020-fraternite\/","og_locale":"fr_FR","og_type":"article","og_title":"APPEL URGENT A LA FRATERNITE - Fraternit\u00e9 Politique de la Communaut\u00e9 du Chemin Neuf","og_description":"Nous portons la conviction que seuls la solidarit\u00e9, la fraternit\u00e9 et le dialogue construiront l\u2019amiti\u00e9 sociale \u00e0 laquelle tous aspirent.","og_url":"https:\/\/fraternite-politique.chemin-neuf.org\/fr\/plaidoyer-2020-fraternite\/","og_site_name":"Fraternit\u00e9 Politique de la Communaut\u00e9 du Chemin Neuf","article_publisher":"https:\/\/www.facebook.com\/fratpolitiqueccn","article_published_time":"2021-02-01T09:18:02+00:00","article_modified_time":"2021-03-11T15:58:43+00:00","og_image":[{"width":1600,"height":1064,"url":"https:\/\/fraternite-politique.chemin-neuf.org\/wp-content\/uploads\/2021\/02\/vive-la-fraternite.jpeg","type":"image\/jpeg"}],"author":"Hugues Dubois","twitter_card":"summary_large_image","twitter_misc":{"\u00c9crit par":"Hugues Dubois","Dur\u00e9e de lecture estim\u00e9e":"2 minutes"},"schema":{"@context":"https:\/\/schema.org","@graph":[{"@type":"Article","@id":"https:\/\/fraternite-politique.chemin-neuf.org\/fr\/plaidoyer-2020-fraternite\/#article","isPartOf":{"@id":"https:\/\/fraternite-politique.chemin-neuf.org\/fr\/plaidoyer-2020-fraternite\/"},"author":{"name":"Hugues Dubois","@id":"https:\/\/fraternite-politique.chemin-neuf.org\/fr\/#\/schema\/person\/3f3fdb79554942d6296b48f30f5bf54d"},"headline":"APPEL URGENT A LA FRATERNITE","datePublished":"2021-02-01T09:18:02+00:00","dateModified":"2021-03-11T15:58:43+00:00","mainEntityOfPage":{"@id":"https:\/\/fraternite-politique.chemin-neuf.org\/fr\/plaidoyer-2020-fraternite\/"},"wordCount":404,"commentCount":0,"publisher":{"@id":"https:\/\/fraternite-politique.chemin-neuf.org\/fr\/#organization"},"image":{"@id":"https:\/\/fraternite-politique.chemin-neuf.org\/fr\/plaidoyer-2020-fraternite\/#primaryimage"},"thumbnailUrl":"https:\/\/fraternite-politique.chemin-neuf.org\/wp-content\/uploads\/2021\/02\/vive-la-fraternite.jpeg","articleSection":["Plaidoyers","Uncategorized"],"inLanguage":"fr-FR","potentialAction":[{"@type":"CommentAction","name":"Comment","target":["https:\/\/fraternite-politique.chemin-neuf.org\/fr\/plaidoyer-2020-fraternite\/#respond"]}]},{"@type":"WebPage","@id":"https:\/\/fraternite-politique.chemin-neuf.org\/fr\/plaidoyer-2020-fraternite\/","url":"https:\/\/fraternite-politique.chemin-neuf.org\/fr\/plaidoyer-2020-fraternite\/","name":"APPEL URGENT A LA FRATERNITE - Fraternit\u00e9 Politique de la Communaut\u00e9 du Chemin Neuf","isPartOf":{"@id":"https:\/\/fraternite-politique.chemin-neuf.org\/fr\/#website"},"primaryImageOfPage":{"@id":"https:\/\/fraternite-politique.chemin-neuf.org\/fr\/plaidoyer-2020-fraternite\/#primaryimage"},"image":{"@id":"https:\/\/fraternite-politique.chemin-neuf.org\/fr\/plaidoyer-2020-fraternite\/#primaryimage"},"thumbnailUrl":"https:\/\/fraternite-politique.chemin-neuf.org\/wp-content\/uploads\/2021\/02\/vive-la-fraternite.jpeg","datePublished":"2021-02-01T09:18:02+00:00","dateModified":"2021-03-11T15:58:43+00:00","description":"Nous portons la conviction que seuls la solidarit\u00e9, la fraternit\u00e9 et le dialogue construiront l\u2019amiti\u00e9 sociale \u00e0 laquelle tous aspirent.","breadcrumb":{"@id":"https:\/\/fraternite-politique.chemin-neuf.org\/fr\/plaidoyer-2020-fraternite\/#breadcrumb"},"inLanguage":"fr-FR","potentialAction":[{"@type":"ReadAction","target":["https:\/\/fraternite-politique.chemin-neuf.org\/fr\/plaidoyer-2020-fraternite\/"]}]},{"@type":"ImageObject","inLanguage":"fr-FR","@id":"https:\/\/fraternite-politique.chemin-neuf.org\/fr\/plaidoyer-2020-fraternite\/#primaryimage","url":"https:\/\/fraternite-politique.chemin-neuf.org\/wp-content\/uploads\/2021\/02\/vive-la-fraternite.jpeg","contentUrl":"https:\/\/fraternite-politique.chemin-neuf.org\/wp-content\/uploads\/2021\/02\/vive-la-fraternite.jpeg","width":1600,"height":1064},{"@type":"BreadcrumbList","@id":"https:\/\/fraternite-politique.chemin-neuf.org\/fr\/plaidoyer-2020-fraternite\/#breadcrumb","itemListElement":[{"@type":"ListItem","position":1,"name":"Home","item":"https:\/\/fraternite-politique.chemin-neuf.org\/fr\/"},{"@type":"ListItem","position":2,"name":"APPEL URGENT A LA FRATERNITE"}]},{"@type":"WebSite","@id":"https:\/\/fraternite-politique.chemin-neuf.org\/fr\/#website","url":"https:\/\/fraternite-politique.chemin-neuf.org\/fr\/","name":"Fraternit\u00e9 Politique de la Communaut\u00e9 du Chemin Neuf","description":"La Fraternit\u00e9 Politique de la Communaut\u00e9 du Chemin Neuf","publisher":{"@id":"https:\/\/fraternite-politique.chemin-neuf.org\/fr\/#organization"},"potentialAction":[{"@type":"SearchAction","target":{"@type":"EntryPoint","urlTemplate":"https:\/\/fraternite-politique.chemin-neuf.org\/fr\/?s={search_term_string}"},"query-input":{"@type":"PropertyValueSpecification","valueRequired":true,"valueName":"search_term_string"}}],"inLanguage":"fr-FR"},{"@type":"Organization","@id":"https:\/\/fraternite-politique.chemin-neuf.org\/fr\/#organization","name":"Fraternit\u00e9 Politique Communaut\u00e9 du Chemin Neuf","url":"https:\/\/fraternite-politique.chemin-neuf.org\/fr\/","logo":{"@type":"ImageObject","inLanguage":"fr-FR","@id":"https:\/\/fraternite-politique.chemin-neuf.org\/fr\/#\/schema\/logo\/image\/","url":"https:\/\/fraternite-politique.chemin-neuf.org\/wp-content\/uploads\/2021\/02\/cropped-ccn-png-onglet-site-v3-large.png","contentUrl":"https:\/\/fraternite-politique.chemin-neuf.org\/wp-content\/uploads\/2021\/02\/cropped-ccn-png-onglet-site-v3-large.png","width":512,"height":512,"caption":"Fraternit\u00e9 Politique Communaut\u00e9 du Chemin Neuf"},"image":{"@id":"https:\/\/fraternite-politique.chemin-neuf.org\/fr\/#\/schema\/logo\/image\/"},"sameAs":["https:\/\/www.facebook.com\/fratpolitiqueccn","https:\/\/instagram.com\/fratpo","https:\/\/www.youtube.com\/channel\/UC6YodqkqOIniLyqOfjMLojw"]},{"@type":"Person","@id":"https:\/\/fraternite-politique.chemin-neuf.org\/fr\/#\/schema\/person\/3f3fdb79554942d6296b48f30f5bf54d","name":"Hugues Dubois","image":{"@type":"ImageObject","inLanguage":"fr-FR","@id":"https:\/\/secure.gravatar.com\/avatar\/e3fb734d781fccf29f8200f9f75b219bc432753d25b215781dd03c3c26005263?s=96&d=mm&r=g","url":"https:\/\/secure.gravatar.com\/avatar\/e3fb734d781fccf29f8200f9f75b219bc432753d25b215781dd03c3c26005263?s=96&d=mm&r=g","contentUrl":"https:\/\/secure.gravatar.com\/avatar\/e3fb734d781fccf29f8200f9f75b219bc432753d25b215781dd03c3c26005263?s=96&d=mm&r=g","caption":"Hugues Dubois"}}]}},"_links":{"self":[{"href":"https:\/\/fraternite-politique.chemin-neuf.org\/fr\/wp-json\/wp\/v2\/posts\/473","targetHints":{"allow":["GET"]}}],"collection":[{"href":"https:\/\/fraternite-politique.chemin-neuf.org\/fr\/wp-json\/wp\/v2\/posts"}],"about":[{"href":"https:\/\/fraternite-politique.chemin-neuf.org\/fr\/wp-json\/wp\/v2\/types\/post"}],"author":[{"embeddable":true,"href":"https:\/\/fraternite-politique.chemin-neuf.org\/fr\/wp-json\/wp\/v2\/users\/6"}],"replies":[{"embeddable":true,"href":"https:\/\/fraternite-politique.chemin-neuf.org\/fr\/wp-json\/wp\/v2\/comments?post=473"}],"version-history":[{"count":9,"href":"https:\/\/fraternite-politique.chemin-neuf.org\/fr\/wp-json\/wp\/v2\/posts\/473\/revisions"}],"predecessor-version":[{"id":1791,"href":"https:\/\/fraternite-politique.chemin-neuf.org\/fr\/wp-json\/wp\/v2\/posts\/473\/revisions\/1791"}],"wp:featuredmedia":[{"embeddable":true,"href":"https:\/\/fraternite-politique.chemin-neuf.org\/fr\/wp-json\/wp\/v2\/media\/474"}],"wp:attachment":[{"href":"https:\/\/fraternite-politique.chemin-neuf.org\/fr\/wp-json\/wp\/v2\/media?parent=473"}],"wp:term":[{"taxonomy":"category","embeddable":true,"href":"https:\/\/fraternite-politique.chemin-neuf.org\/fr\/wp-json\/wp\/v2\/categories?post=473"},{"taxonomy":"post_tag","embeddable":true,"href":"https:\/\/fraternite-politique.chemin-neuf.org\/fr\/wp-json\/wp\/v2\/tags?post=473"}],"curies":[{"name":"wp","href":"https:\/\/api.w.org\/{rel}","templated":true}]}}