{"id":2565,"date":"2021-04-30T11:15:00","date_gmt":"2021-04-30T09:15:00","guid":{"rendered":"https:\/\/fraternite-politique.chemin-neuf.org\/?p=2565"},"modified":"2022-05-21T18:57:16","modified_gmt":"2022-05-21T16:57:16","slug":"message-au-pape-francois-2021","status":"publish","type":"post","link":"https:\/\/fraternite-politique.chemin-neuf.org\/fr\/message-au-pape-francois-2021\/","title":{"rendered":"Message de la Fraternit\u00e9 Politique au Pape Fran\u00e7ois"},"content":{"rendered":"\n<p>Tr\u00e8s cher Saint P\u00e8re,<\/p>\n\n\n\n<p>Vous avez devant vous des jeunes de 16 pays, 5 continents, et de plusieurs Eglises chr\u00e9tiennes. Anim\u00e9s d\u2019une m\u00eame passion pour le Bien Commun, nous sommes engag\u00e9s de multiples mani\u00e8res au service des pauvres, de la r\u00e9conciliation des peuples ou de la sauvegarde de notre maison commune. Nous venons ce matin avec une immense reconnaissance et action de gr\u00e2ce pour vos encycliques, en particulier <em><a href=\"https:\/\/www.vatican.va\/content\/francesco\/fr\/encyclicals\/documents\/papa-francesco_20150524_enciclica-laudato-si.html\" target=\"_blank\" rel=\"noreferrer noopener\">Laudato Si<\/a><\/em>, qui a inspir\u00e9 la gen\u00e8se de notre Fraternit\u00e9 Politique. Et plus r\u00e9cemment <em><a href=\"https:\/\/www.vatican.va\/content\/francesco\/fr\/encyclicals\/documents\/papa-francesco_20201003_enciclica-fratelli-tutti.html\" target=\"_blank\" rel=\"noreferrer noopener\">Fratelli Tutti<\/a><\/em>, qui fait \u00e9cho \u00e0 ce que nous portons intimement : car dans cette Fraternit\u00e9 Politique, nous faisons l\u2019exp\u00e9rience de la \u201cdiversit\u00e9 r\u00e9concili\u00e9e\u201d, \u00e0 la suite du seul Ma\u00eetre et Seigneur. C\u2019est Lui qui ouvre notre diversit\u00e9 culturelle et politique \u00e0 l\u2019exigence salutaire du dialogue, et \u00e0 une recherche humble et patiente de la v\u00e9rit\u00e9. Riches de cette fraternit\u00e9 et unis par notre pri\u00e8re, nous voulons engager nos vies au service du monde, selon le c\u0153ur de Dieu.<\/p>\n\n\n\n<p>La Fraternit\u00e9 Politique est port\u00e9e par la <a href=\"https:\/\/chemin-neuf.fr\" target=\"_blank\" rel=\"noreferrer noopener\">Communaut\u00e9 du Chemin Neuf<\/a>, de laquelle nous recevons la spiritualit\u00e9 charismatique et ignatienne, qui nous donne de choisir Dieu en premier et de Le trouver en toute chose ; la vocation \u00e0 l\u2019unit\u00e9, par l\u2019exp\u00e9rience d\u2019une fraternit\u00e9 universelle d\u2019<em>ubuntu<\/em>, et par la pri\u00e8re et l\u2019engagement non-violent pour la paix et la r\u00e9conciliation ; la vie apostolique, en particulier aupr\u00e8s des p\u00e9riph\u00e9ries, qui nous ouvre \u00e0 une politique qui se vit en acte et en charit\u00e9, en se laissant conduire par l\u2019Esprit Saint.<\/p>\n\n\n\n<p>Depuis la proclamation de <a href=\"https:\/\/fraternite-politique.chemin-neuf.org\/fr\/qui-sommes-nous\/manifeste\/\" data-type=\"page\" data-id=\"1126\">notre manifeste<\/a> lors des JMJ de Pologne, nous t\u00e9moignons de l\u2019appel concret que Dieu a adress\u00e9 \u00e0 plusieurs d\u2019entre nous \u00e0 travers la Fraternit\u00e9 Politique. Aujourd\u2019hui, certains sont \u00e9lus ou actifs dans divers partis politiques et groupes d\u2019influence, d\u2019autres sont investis dans des initiatives locales, des institutions nationales ou internationales.<\/p>\n\n\n\n<p>Nous voudrions prier avec vous comme fr\u00e8re, car nous partageons la pr\u00e9occupation d\u2019un monde o\u00f9 l\u2019individualisme nous a rendus sourds au cri de la Terre et au cri des pauvres. Nous voulons t\u00e9moigner que des jeunes, hommes et femmes, ensemble, se l\u00e8vent pour porter l\u2019esp\u00e9rance et la paix. <a rel=\"noreferrer noopener\" href=\"https:\/\/chemin-neuf.fr\/la-fraternite-politique-au-burundi\/\" target=\"_blank\">Au Burundi<\/a> par exemple, la Fraternit\u00e9 Politique rassemble depuis quelques mois une trentaine de jeunes, parfois oppos\u00e9s politiquement, mais qui dans la fraternit\u00e9, au nom du Christ, r\u00e9habilitent la politique. Ici en Europe, au sortir de cette pand\u00e9mie, nous saisissons votre appel \u00e0 \u201cr\u00eaver ensemble\u201d : plusieurs parmi nous pr\u00e9parent l\u2019\u00e9v\u00e9nement <em><a rel=\"noreferrer noopener\" href=\"https:\/\/welcometoparadise.fr\/changemakers\/\" target=\"_blank\">Changemakers<\/a><\/em>, qui rassemblera cet \u00e9t\u00e9 \u00e0 Budapest des jeunes de tout le continent, pour \u00e9couter \u201cce que l\u2019Esprit dit aux \u00c9glises\u201d, se mettre en action ensemble, et porter ainsi le changement auquel nous aspirons pour le monde.<\/p>\n\n\n\n<p>Nous venons devant vous comme p\u00e8re. Il y a 6 ans jour pour jour, <a rel=\"noreferrer noopener\" href=\"https:\/\/www.vatican.va\/content\/francesco\/fr\/speeches\/2015\/april\/documents\/papa-francesco_20150430_comunita-vita-cristiana.html\" target=\"_blank\">vous disiez<\/a>&nbsp;: <em>\u201con peut devenir saint en faisant de la politique\u201d<\/em>, et que nous, chr\u00e9tiens, <em>\u201cdevons nous m\u00ealer de politique\u201d<\/em>. Continuez, Saint P\u00e8re, \u00e0 nous faire <em>\u201csortir de nos canap\u00e9s\u201d<\/em> ! Nous, jeunes, br\u00fblons du d\u00e9sir de construire un monde r\u00e9concili\u00e9, mais notre ardeur est souvent \u00e9teinte par le d\u00e9sespoir et la passivit\u00e9. Que l\u2019Eglise suscite, encourage, accompagne toujours davantage l\u2019\u00e9lan de notre g\u00e9n\u00e9ration. Nous vous pr\u00e9sentons tout particuli\u00e8rement ce petit commencement de la Fraternit\u00e9 Politique, et son prochain rassemblement <em><em><a rel=\"noreferrer noopener\" href=\"https:\/\/welcometoparadise.fr\/changemakers\/\" target=\"_blank\">Changemakers<\/a><\/em><\/em>. Nous aimerions recevoir de vous, de l\u2019\u00c9glise, une parole d\u2019envoi et de sagesse, pour que l\u2019esp\u00e9rance que nous portons puisse entra\u00eener d\u2019autres jeunes \u00e0 oser <em>\u201cchausser leurs crampons\u201d<\/em> et entrer dans le jeu des b\u00e2tisseurs du monde de demain.<\/p>\n\n\n\n<p>Avec toute notre gratitude, nous vous assurons de notre pri\u00e8re pour vous et votre apostolat. Que l\u2019Esprit de Dieu inspire toujours votre minist\u00e8re, et soit votre force pour conduire l\u2019\u00c9glise du Christ.<\/p>\n\n\n\n<div class=\"wp-block-image\"><figure class=\"aligncenter size-full\"><img decoding=\"async\" width=\"1280\" height=\"720\" src=\"https:\/\/fraternite-politique.chemin-neuf.org\/wp-content\/uploads\/2021\/05\/2020-04-30-Audience-Pape-4.jpg\" alt=\"\" class=\"wp-image-2528\" srcset=\"https:\/\/fraternite-politique.chemin-neuf.org\/wp-content\/uploads\/2021\/05\/2020-04-30-Audience-Pape-4.jpg 1280w, https:\/\/fraternite-politique.chemin-neuf.org\/wp-content\/uploads\/2021\/05\/2020-04-30-Audience-Pape-4-300x169.jpg 300w, https:\/\/fraternite-politique.chemin-neuf.org\/wp-content\/uploads\/2021\/05\/2020-04-30-Audience-Pape-4-1024x576.jpg 1024w, https:\/\/fraternite-politique.chemin-neuf.org\/wp-content\/uploads\/2021\/05\/2020-04-30-Audience-Pape-4-768x432.jpg 768w\" sizes=\"(max-width: 1280px) 100vw, 1280px\" \/><\/figure><\/div>\n","protected":false},"excerpt":{"rendered":"<p>Donn\u00e9 lors de l&rsquo;audience du 30 avril 2021<\/p>\n","protected":false},"author":6,"featured_media":2504,"comment_status":"open","ping_status":"open","sticky":false,"template":"","format":"standard","meta":{"_acf_changed":false,"footnotes":""},"categories":[],"tags":[147,75,148],"class_list":["post-2565","post","type-post","status-publish","format-standard","has-post-thumbnail","hentry","tag-audience-fr","tag-eglise","tag-rome-fr"],"acf":[],"yoast_head":"<!-- This site is optimized with the Yoast SEO plugin v27.5 - https:\/\/yoast.com\/product\/yoast-seo-wordpress\/ -->\n<title>Message de la Fraternit\u00e9 Politique au Pape Fran\u00e7ois - Fraternit\u00e9 Politique de la Communaut\u00e9 du Chemin Neuf<\/title>\n<meta name=\"description\" content=\"Donn\u00e9 lors de l&#039;audience du 30 avril 2021\" \/>\n<meta name=\"robots\" content=\"index, follow, max-snippet:-1, max-image-preview:large, max-video-preview:-1\" \/>\n<link rel=\"canonical\" href=\"https:\/\/fraternite-politique.chemin-neuf.org\/fr\/message-au-pape-francois-2021\/\" \/>\n<meta property=\"og:locale\" content=\"fr_FR\" \/>\n<meta property=\"og:type\" content=\"article\" \/>\n<meta property=\"og:title\" content=\"Message de la Fraternit\u00e9 Politique au Pape Fran\u00e7ois - Fraternit\u00e9 Politique de la Communaut\u00e9 du Chemin Neuf\" \/>\n<meta property=\"og:description\" content=\"Donn\u00e9 lors de l&#039;audience du 30 avril 2021\" \/>\n<meta property=\"og:url\" content=\"https:\/\/fraternite-politique.chemin-neuf.org\/fr\/message-au-pape-francois-2021\/\" \/>\n<meta property=\"og:site_name\" content=\"Fraternit\u00e9 Politique de la Communaut\u00e9 du Chemin Neuf\" \/>\n<meta property=\"article:publisher\" content=\"https:\/\/www.facebook.com\/fratpolitiqueccn\" \/>\n<meta property=\"article:published_time\" content=\"2021-04-30T09:15:00+00:00\" \/>\n<meta property=\"article:modified_time\" content=\"2022-05-21T16:57:16+00:00\" \/>\n<meta property=\"og:image\" content=\"https:\/\/fraternite-politique.chemin-neuf.org\/wp-content\/uploads\/2021\/05\/2020-04-30-Audience-Pape-1.jpg\" \/>\n\t<meta property=\"og:image:width\" content=\"1280\" \/>\n\t<meta property=\"og:image:height\" content=\"720\" \/>\n\t<meta property=\"og:image:type\" content=\"image\/jpeg\" \/>\n<meta name=\"author\" content=\"Hugues Dubois\" \/>\n<meta name=\"twitter:card\" content=\"summary_large_image\" \/>\n<meta name=\"twitter:label1\" content=\"\u00c9crit par\" \/>\n\t<meta name=\"twitter:data1\" content=\"Hugues Dubois\" \/>\n\t<meta name=\"twitter:label2\" content=\"Dur\u00e9e de lecture estim\u00e9e\" \/>\n\t<meta name=\"twitter:data2\" content=\"3 minutes\" \/>\n<script type=\"application\/ld+json\" class=\"yoast-schema-graph\">{\"@context\":\"https:\\\/\\\/schema.org\",\"@graph\":[{\"@type\":\"Article\",\"@id\":\"https:\\\/\\\/fraternite-politique.chemin-neuf.org\\\/fr\\\/message-au-pape-francois-2021\\\/#article\",\"isPartOf\":{\"@id\":\"https:\\\/\\\/fraternite-politique.chemin-neuf.org\\\/fr\\\/message-au-pape-francois-2021\\\/\"},\"author\":{\"name\":\"Hugues Dubois\",\"@id\":\"https:\\\/\\\/fraternite-politique.chemin-neuf.org\\\/fr\\\/#\\\/schema\\\/person\\\/3f3fdb79554942d6296b48f30f5bf54d\"},\"headline\":\"Message de la Fraternit\u00e9 Politique au Pape Fran\u00e7ois\",\"datePublished\":\"2021-04-30T09:15:00+00:00\",\"dateModified\":\"2022-05-21T16:57:16+00:00\",\"mainEntityOfPage\":{\"@id\":\"https:\\\/\\\/fraternite-politique.chemin-neuf.org\\\/fr\\\/message-au-pape-francois-2021\\\/\"},\"wordCount\":679,\"commentCount\":0,\"publisher\":{\"@id\":\"https:\\\/\\\/fraternite-politique.chemin-neuf.org\\\/fr\\\/#organization\"},\"image\":{\"@id\":\"https:\\\/\\\/fraternite-politique.chemin-neuf.org\\\/fr\\\/message-au-pape-francois-2021\\\/#primaryimage\"},\"thumbnailUrl\":\"https:\\\/\\\/fraternite-politique.chemin-neuf.org\\\/wp-content\\\/uploads\\\/2021\\\/05\\\/2020-04-30-Audience-Pape-1.jpg\",\"keywords\":[\"audience\",\"\u00c9glise\",\"rome\"],\"inLanguage\":\"fr-FR\",\"potentialAction\":[{\"@type\":\"CommentAction\",\"name\":\"Comment\",\"target\":[\"https:\\\/\\\/fraternite-politique.chemin-neuf.org\\\/fr\\\/message-au-pape-francois-2021\\\/#respond\"]}]},{\"@type\":\"WebPage\",\"@id\":\"https:\\\/\\\/fraternite-politique.chemin-neuf.org\\\/fr\\\/message-au-pape-francois-2021\\\/\",\"url\":\"https:\\\/\\\/fraternite-politique.chemin-neuf.org\\\/fr\\\/message-au-pape-francois-2021\\\/\",\"name\":\"Message de la Fraternit\u00e9 Politique au Pape Fran\u00e7ois - Fraternit\u00e9 Politique de la Communaut\u00e9 du Chemin Neuf\",\"isPartOf\":{\"@id\":\"https:\\\/\\\/fraternite-politique.chemin-neuf.org\\\/fr\\\/#website\"},\"primaryImageOfPage\":{\"@id\":\"https:\\\/\\\/fraternite-politique.chemin-neuf.org\\\/fr\\\/message-au-pape-francois-2021\\\/#primaryimage\"},\"image\":{\"@id\":\"https:\\\/\\\/fraternite-politique.chemin-neuf.org\\\/fr\\\/message-au-pape-francois-2021\\\/#primaryimage\"},\"thumbnailUrl\":\"https:\\\/\\\/fraternite-politique.chemin-neuf.org\\\/wp-content\\\/uploads\\\/2021\\\/05\\\/2020-04-30-Audience-Pape-1.jpg\",\"datePublished\":\"2021-04-30T09:15:00+00:00\",\"dateModified\":\"2022-05-21T16:57:16+00:00\",\"description\":\"Donn\u00e9 lors de l'audience du 30 avril 2021\",\"breadcrumb\":{\"@id\":\"https:\\\/\\\/fraternite-politique.chemin-neuf.org\\\/fr\\\/message-au-pape-francois-2021\\\/#breadcrumb\"},\"inLanguage\":\"fr-FR\",\"potentialAction\":[{\"@type\":\"ReadAction\",\"target\":[\"https:\\\/\\\/fraternite-politique.chemin-neuf.org\\\/fr\\\/message-au-pape-francois-2021\\\/\"]}]},{\"@type\":\"ImageObject\",\"inLanguage\":\"fr-FR\",\"@id\":\"https:\\\/\\\/fraternite-politique.chemin-neuf.org\\\/fr\\\/message-au-pape-francois-2021\\\/#primaryimage\",\"url\":\"https:\\\/\\\/fraternite-politique.chemin-neuf.org\\\/wp-content\\\/uploads\\\/2021\\\/05\\\/2020-04-30-Audience-Pape-1.jpg\",\"contentUrl\":\"https:\\\/\\\/fraternite-politique.chemin-neuf.org\\\/wp-content\\\/uploads\\\/2021\\\/05\\\/2020-04-30-Audience-Pape-1.jpg\",\"width\":1280,\"height\":720},{\"@type\":\"BreadcrumbList\",\"@id\":\"https:\\\/\\\/fraternite-politique.chemin-neuf.org\\\/fr\\\/message-au-pape-francois-2021\\\/#breadcrumb\",\"itemListElement\":[{\"@type\":\"ListItem\",\"position\":1,\"name\":\"Home\",\"item\":\"https:\\\/\\\/fraternite-politique.chemin-neuf.org\\\/fr\\\/\"},{\"@type\":\"ListItem\",\"position\":2,\"name\":\"Message de la Fraternit\u00e9 Politique au Pape Fran\u00e7ois\"}]},{\"@type\":\"WebSite\",\"@id\":\"https:\\\/\\\/fraternite-politique.chemin-neuf.org\\\/fr\\\/#website\",\"url\":\"https:\\\/\\\/fraternite-politique.chemin-neuf.org\\\/fr\\\/\",\"name\":\"Fraternit\u00e9 Politique de la Communaut\u00e9 du Chemin Neuf\",\"description\":\"La Fraternit\u00e9 Politique de la Communaut\u00e9 du Chemin Neuf\",\"publisher\":{\"@id\":\"https:\\\/\\\/fraternite-politique.chemin-neuf.org\\\/fr\\\/#organization\"},\"potentialAction\":[{\"@type\":\"SearchAction\",\"target\":{\"@type\":\"EntryPoint\",\"urlTemplate\":\"https:\\\/\\\/fraternite-politique.chemin-neuf.org\\\/fr\\\/?s={search_term_string}\"},\"query-input\":{\"@type\":\"PropertyValueSpecification\",\"valueRequired\":true,\"valueName\":\"search_term_string\"}}],\"inLanguage\":\"fr-FR\"},{\"@type\":\"Organization\",\"@id\":\"https:\\\/\\\/fraternite-politique.chemin-neuf.org\\\/fr\\\/#organization\",\"name\":\"Fraternit\u00e9 Politique Communaut\u00e9 du Chemin Neuf\",\"url\":\"https:\\\/\\\/fraternite-politique.chemin-neuf.org\\\/fr\\\/\",\"logo\":{\"@type\":\"ImageObject\",\"inLanguage\":\"fr-FR\",\"@id\":\"https:\\\/\\\/fraternite-politique.chemin-neuf.org\\\/fr\\\/#\\\/schema\\\/logo\\\/image\\\/\",\"url\":\"https:\\\/\\\/fraternite-politique.chemin-neuf.org\\\/wp-content\\\/uploads\\\/2021\\\/02\\\/cropped-ccn-png-onglet-site-v3-large.png\",\"contentUrl\":\"https:\\\/\\\/fraternite-politique.chemin-neuf.org\\\/wp-content\\\/uploads\\\/2021\\\/02\\\/cropped-ccn-png-onglet-site-v3-large.png\",\"width\":512,\"height\":512,\"caption\":\"Fraternit\u00e9 Politique Communaut\u00e9 du Chemin Neuf\"},\"image\":{\"@id\":\"https:\\\/\\\/fraternite-politique.chemin-neuf.org\\\/fr\\\/#\\\/schema\\\/logo\\\/image\\\/\"},\"sameAs\":[\"https:\\\/\\\/www.facebook.com\\\/fratpolitiqueccn\",\"https:\\\/\\\/instagram.com\\\/fratpo\",\"https:\\\/\\\/www.youtube.com\\\/channel\\\/UC6YodqkqOIniLyqOfjMLojw\"]},{\"@type\":\"Person\",\"@id\":\"https:\\\/\\\/fraternite-politique.chemin-neuf.org\\\/fr\\\/#\\\/schema\\\/person\\\/3f3fdb79554942d6296b48f30f5bf54d\",\"name\":\"Hugues Dubois\",\"image\":{\"@type\":\"ImageObject\",\"inLanguage\":\"fr-FR\",\"@id\":\"https:\\\/\\\/secure.gravatar.com\\\/avatar\\\/e3fb734d781fccf29f8200f9f75b219bc432753d25b215781dd03c3c26005263?s=96&d=mm&r=g\",\"url\":\"https:\\\/\\\/secure.gravatar.com\\\/avatar\\\/e3fb734d781fccf29f8200f9f75b219bc432753d25b215781dd03c3c26005263?s=96&d=mm&r=g\",\"contentUrl\":\"https:\\\/\\\/secure.gravatar.com\\\/avatar\\\/e3fb734d781fccf29f8200f9f75b219bc432753d25b215781dd03c3c26005263?s=96&d=mm&r=g\",\"caption\":\"Hugues Dubois\"}}]}<\/script>\n<!-- \/ Yoast SEO plugin. -->","yoast_head_json":{"title":"Message de la Fraternit\u00e9 Politique au Pape Fran\u00e7ois - Fraternit\u00e9 Politique de la Communaut\u00e9 du Chemin Neuf","description":"Donn\u00e9 lors de l'audience du 30 avril 2021","robots":{"index":"index","follow":"follow","max-snippet":"max-snippet:-1","max-image-preview":"max-image-preview:large","max-video-preview":"max-video-preview:-1"},"canonical":"https:\/\/fraternite-politique.chemin-neuf.org\/fr\/message-au-pape-francois-2021\/","og_locale":"fr_FR","og_type":"article","og_title":"Message de la Fraternit\u00e9 Politique au Pape Fran\u00e7ois - Fraternit\u00e9 Politique de la Communaut\u00e9 du Chemin Neuf","og_description":"Donn\u00e9 lors de l'audience du 30 avril 2021","og_url":"https:\/\/fraternite-politique.chemin-neuf.org\/fr\/message-au-pape-francois-2021\/","og_site_name":"Fraternit\u00e9 Politique de la Communaut\u00e9 du Chemin Neuf","article_publisher":"https:\/\/www.facebook.com\/fratpolitiqueccn","article_published_time":"2021-04-30T09:15:00+00:00","article_modified_time":"2022-05-21T16:57:16+00:00","og_image":[{"width":1280,"height":720,"url":"https:\/\/fraternite-politique.chemin-neuf.org\/wp-content\/uploads\/2021\/05\/2020-04-30-Audience-Pape-1.jpg","type":"image\/jpeg"}],"author":"Hugues Dubois","twitter_card":"summary_large_image","twitter_misc":{"\u00c9crit par":"Hugues Dubois","Dur\u00e9e de lecture estim\u00e9e":"3 minutes"},"schema":{"@context":"https:\/\/schema.org","@graph":[{"@type":"Article","@id":"https:\/\/fraternite-politique.chemin-neuf.org\/fr\/message-au-pape-francois-2021\/#article","isPartOf":{"@id":"https:\/\/fraternite-politique.chemin-neuf.org\/fr\/message-au-pape-francois-2021\/"},"author":{"name":"Hugues Dubois","@id":"https:\/\/fraternite-politique.chemin-neuf.org\/fr\/#\/schema\/person\/3f3fdb79554942d6296b48f30f5bf54d"},"headline":"Message de la Fraternit\u00e9 Politique au Pape Fran\u00e7ois","datePublished":"2021-04-30T09:15:00+00:00","dateModified":"2022-05-21T16:57:16+00:00","mainEntityOfPage":{"@id":"https:\/\/fraternite-politique.chemin-neuf.org\/fr\/message-au-pape-francois-2021\/"},"wordCount":679,"commentCount":0,"publisher":{"@id":"https:\/\/fraternite-politique.chemin-neuf.org\/fr\/#organization"},"image":{"@id":"https:\/\/fraternite-politique.chemin-neuf.org\/fr\/message-au-pape-francois-2021\/#primaryimage"},"thumbnailUrl":"https:\/\/fraternite-politique.chemin-neuf.org\/wp-content\/uploads\/2021\/05\/2020-04-30-Audience-Pape-1.jpg","keywords":["audience","\u00c9glise","rome"],"inLanguage":"fr-FR","potentialAction":[{"@type":"CommentAction","name":"Comment","target":["https:\/\/fraternite-politique.chemin-neuf.org\/fr\/message-au-pape-francois-2021\/#respond"]}]},{"@type":"WebPage","@id":"https:\/\/fraternite-politique.chemin-neuf.org\/fr\/message-au-pape-francois-2021\/","url":"https:\/\/fraternite-politique.chemin-neuf.org\/fr\/message-au-pape-francois-2021\/","name":"Message de la Fraternit\u00e9 Politique au Pape Fran\u00e7ois - Fraternit\u00e9 Politique de la Communaut\u00e9 du Chemin Neuf","isPartOf":{"@id":"https:\/\/fraternite-politique.chemin-neuf.org\/fr\/#website"},"primaryImageOfPage":{"@id":"https:\/\/fraternite-politique.chemin-neuf.org\/fr\/message-au-pape-francois-2021\/#primaryimage"},"image":{"@id":"https:\/\/fraternite-politique.chemin-neuf.org\/fr\/message-au-pape-francois-2021\/#primaryimage"},"thumbnailUrl":"https:\/\/fraternite-politique.chemin-neuf.org\/wp-content\/uploads\/2021\/05\/2020-04-30-Audience-Pape-1.jpg","datePublished":"2021-04-30T09:15:00+00:00","dateModified":"2022-05-21T16:57:16+00:00","description":"Donn\u00e9 lors de l'audience du 30 avril 2021","breadcrumb":{"@id":"https:\/\/fraternite-politique.chemin-neuf.org\/fr\/message-au-pape-francois-2021\/#breadcrumb"},"inLanguage":"fr-FR","potentialAction":[{"@type":"ReadAction","target":["https:\/\/fraternite-politique.chemin-neuf.org\/fr\/message-au-pape-francois-2021\/"]}]},{"@type":"ImageObject","inLanguage":"fr-FR","@id":"https:\/\/fraternite-politique.chemin-neuf.org\/fr\/message-au-pape-francois-2021\/#primaryimage","url":"https:\/\/fraternite-politique.chemin-neuf.org\/wp-content\/uploads\/2021\/05\/2020-04-30-Audience-Pape-1.jpg","contentUrl":"https:\/\/fraternite-politique.chemin-neuf.org\/wp-content\/uploads\/2021\/05\/2020-04-30-Audience-Pape-1.jpg","width":1280,"height":720},{"@type":"BreadcrumbList","@id":"https:\/\/fraternite-politique.chemin-neuf.org\/fr\/message-au-pape-francois-2021\/#breadcrumb","itemListElement":[{"@type":"ListItem","position":1,"name":"Home","item":"https:\/\/fraternite-politique.chemin-neuf.org\/fr\/"},{"@type":"ListItem","position":2,"name":"Message de la Fraternit\u00e9 Politique au Pape Fran\u00e7ois"}]},{"@type":"WebSite","@id":"https:\/\/fraternite-politique.chemin-neuf.org\/fr\/#website","url":"https:\/\/fraternite-politique.chemin-neuf.org\/fr\/","name":"Fraternit\u00e9 Politique de la Communaut\u00e9 du Chemin Neuf","description":"La Fraternit\u00e9 Politique de la Communaut\u00e9 du Chemin Neuf","publisher":{"@id":"https:\/\/fraternite-politique.chemin-neuf.org\/fr\/#organization"},"potentialAction":[{"@type":"SearchAction","target":{"@type":"EntryPoint","urlTemplate":"https:\/\/fraternite-politique.chemin-neuf.org\/fr\/?s={search_term_string}"},"query-input":{"@type":"PropertyValueSpecification","valueRequired":true,"valueName":"search_term_string"}}],"inLanguage":"fr-FR"},{"@type":"Organization","@id":"https:\/\/fraternite-politique.chemin-neuf.org\/fr\/#organization","name":"Fraternit\u00e9 Politique Communaut\u00e9 du Chemin Neuf","url":"https:\/\/fraternite-politique.chemin-neuf.org\/fr\/","logo":{"@type":"ImageObject","inLanguage":"fr-FR","@id":"https:\/\/fraternite-politique.chemin-neuf.org\/fr\/#\/schema\/logo\/image\/","url":"https:\/\/fraternite-politique.chemin-neuf.org\/wp-content\/uploads\/2021\/02\/cropped-ccn-png-onglet-site-v3-large.png","contentUrl":"https:\/\/fraternite-politique.chemin-neuf.org\/wp-content\/uploads\/2021\/02\/cropped-ccn-png-onglet-site-v3-large.png","width":512,"height":512,"caption":"Fraternit\u00e9 Politique Communaut\u00e9 du Chemin Neuf"},"image":{"@id":"https:\/\/fraternite-politique.chemin-neuf.org\/fr\/#\/schema\/logo\/image\/"},"sameAs":["https:\/\/www.facebook.com\/fratpolitiqueccn","https:\/\/instagram.com\/fratpo","https:\/\/www.youtube.com\/channel\/UC6YodqkqOIniLyqOfjMLojw"]},{"@type":"Person","@id":"https:\/\/fraternite-politique.chemin-neuf.org\/fr\/#\/schema\/person\/3f3fdb79554942d6296b48f30f5bf54d","name":"Hugues Dubois","image":{"@type":"ImageObject","inLanguage":"fr-FR","@id":"https:\/\/secure.gravatar.com\/avatar\/e3fb734d781fccf29f8200f9f75b219bc432753d25b215781dd03c3c26005263?s=96&d=mm&r=g","url":"https:\/\/secure.gravatar.com\/avatar\/e3fb734d781fccf29f8200f9f75b219bc432753d25b215781dd03c3c26005263?s=96&d=mm&r=g","contentUrl":"https:\/\/secure.gravatar.com\/avatar\/e3fb734d781fccf29f8200f9f75b219bc432753d25b215781dd03c3c26005263?s=96&d=mm&r=g","caption":"Hugues Dubois"}}]}},"_links":{"self":[{"href":"https:\/\/fraternite-politique.chemin-neuf.org\/fr\/wp-json\/wp\/v2\/posts\/2565","targetHints":{"allow":["GET"]}}],"collection":[{"href":"https:\/\/fraternite-politique.chemin-neuf.org\/fr\/wp-json\/wp\/v2\/posts"}],"about":[{"href":"https:\/\/fraternite-politique.chemin-neuf.org\/fr\/wp-json\/wp\/v2\/types\/post"}],"author":[{"embeddable":true,"href":"https:\/\/fraternite-politique.chemin-neuf.org\/fr\/wp-json\/wp\/v2\/users\/6"}],"replies":[{"embeddable":true,"href":"https:\/\/fraternite-politique.chemin-neuf.org\/fr\/wp-json\/wp\/v2\/comments?post=2565"}],"version-history":[{"count":3,"href":"https:\/\/fraternite-politique.chemin-neuf.org\/fr\/wp-json\/wp\/v2\/posts\/2565\/revisions"}],"predecessor-version":[{"id":2571,"href":"https:\/\/fraternite-politique.chemin-neuf.org\/fr\/wp-json\/wp\/v2\/posts\/2565\/revisions\/2571"}],"wp:featuredmedia":[{"embeddable":true,"href":"https:\/\/fraternite-politique.chemin-neuf.org\/fr\/wp-json\/wp\/v2\/media\/2504"}],"wp:attachment":[{"href":"https:\/\/fraternite-politique.chemin-neuf.org\/fr\/wp-json\/wp\/v2\/media?parent=2565"}],"wp:term":[{"taxonomy":"category","embeddable":true,"href":"https:\/\/fraternite-politique.chemin-neuf.org\/fr\/wp-json\/wp\/v2\/categories?post=2565"},{"taxonomy":"post_tag","embeddable":true,"href":"https:\/\/fraternite-politique.chemin-neuf.org\/fr\/wp-json\/wp\/v2\/tags?post=2565"}],"curies":[{"name":"wp","href":"https:\/\/api.w.org\/{rel}","templated":true}]}}