{"id":2572,"date":"2021-04-30T11:15:00","date_gmt":"2021-04-30T09:15:00","guid":{"rendered":"https:\/\/fraternite-politique.chemin-neuf.org\/?p=2572"},"modified":"2021-05-02T14:39:29","modified_gmt":"2021-05-02T12:39:29","slug":"mensaje-de-la-fraternidad-politica-al-papa-francisco","status":"publish","type":"post","link":"https:\/\/fraternite-politique.chemin-neuf.org\/es\/mensaje-de-la-fraternidad-politica-al-papa-francisco\/","title":{"rendered":"Mensaje de la Fraternidad Pol\u00edtica al Papa Francisco"},"content":{"rendered":"\n<p>Muy Querido Santo Padre,<\/p>\n\n\n\n<p>Tiene ante usted a j\u00f3venes procedentes de 16 pa\u00edses diferentes, de los 5 continentes, de diversas iglesias cristianas. Animados por una misma pasi\u00f3n por el Bien Com\u00fan, estamos comprometidos de diferentes maneras al servicio de los pobres, de la reconciliaci\u00f3n de los pueblos y de la protecci\u00f3n de nuestra casa com\u00fan. Venimos con un inmenso reconocimiento y acci\u00f3n de gracias por sus enc\u00edclicas, en particular <em>Laudato Si<\/em>, que inspiro en gran medida la creaci\u00f3n de nuestra Fraternidad Pol\u00edtica. Y m\u00e1s recientemente <em>Fratelli Tutti, <\/em>que hace eco a lo que profesamos profundamente; en esta Fraternidad Pol\u00edtica, vivimos la experiencia de la \u201cdiversidad reconciliada\u201d, siguiendo al \u00fanico Maestro y Se\u00f1or. Es \u00c9l quien abre nuestra diversidad cultural y pol\u00edtica a la sana exigencia del dialogo, y a una b\u00fasqueda humilde y paciente de la verdad. Enriquecidos de esta fraternidad y unidos por nuestra oraci\u00f3n, queremos comprometer nuestras vidas al servicio del mundo, seg\u00fan el coraz\u00f3n de Dios.<\/p>\n\n\n\n<p>La Fraternidad Pol\u00edtica es guiada por la Comunidad de Chemin Neuf, de quien hemos recibimos su espiritualidad carism\u00e1tica e ignaciana, que nos lleva a elegir a Dios en primer lugar y a encontrarlo en todas las cosas; su vocaci\u00f3n por la unidad, a trav\u00e9s de la experiencia de la fraternidad universal de <em>Ubuntu<\/em>; mediante la oraci\u00f3n y el compromiso no-violento por la paz y la reconciliaci\u00f3n; su vida apost\u00f3lica, especialmente en las periferias la que nos abre a una pol\u00edtica que se vive en la acci\u00f3n y en la caridad, dej\u00e1ndonos llevar por el Esp\u00edritu Santo.<\/p>\n\n\n\n<p>Desde la proclamaci\u00f3n de nuestro manifiesto durante la JMJ de Polonia, hemos sido testigos de la llamada concreta que Dios ha dirigido a muchos de nosotros a trav\u00e9s de la Fraternidad Pol\u00edtica. Hoy en d\u00eda, algunos de nosotros son elegidos o activos en diversos partidos pol\u00edticos y grupos influyentes, otros participan en iniciativas locales, de instituciones nacionales e internacionales.<\/p>\n\n\n\n<p>Y es por esto que queremos orar a su lado como hermano, porque compartimos la preocupaci\u00f3n de un mundo donde el individualismo nos ha hecho sordos al grito de la Tierra y al grito de los pobres. Nosotros queremos dar testimonio de como j\u00f3venes, hombres y mujeres, se movilizan juntos para llevar esperanza y paz. En Burundi, por ejemplo, la Fraternidad Pol\u00edtica re\u00fane desde hace unos meses alrededor de treinta j\u00f3venes, a veces pol\u00edticamente opuestos, pero que en la fraternidad, en nombre de Cristo, reivindican la pol\u00edtica. Aqu\u00ed en Europa, a ra\u00edz de esta pandemia, estamos respondiendo a su llamado \u201cso\u00f1ar juntos\u201d: varios de nosotros, preparan el evento Changemakers, que reunir\u00e1 este verano en Budapest j\u00f3venes de todo el continente, para escuchar \u201clo que el Esp\u00edritu dice a las Iglesias\u201d para pasar a la acci\u00f3n juntos, y as\u00ed lograr el cambio al que aspiramos para el mundo.<\/p>\n\n\n\n<p>Finalmente venimos ante usted como nuestro Padre. Desde hace 6 a\u00f1os, d\u00eda tras d\u00eda, usted ha dicho que \u201cpodemos llegar a ser santos haciendo pol\u00edtica\u201d, y que, nosotros los cristianos \u201cdebemos involucrarnos en pol\u00edtica\u201d. \u00a1Contin\u00fae, Santo Padre, haci\u00e9ndonos \u201clevantar del sill\u00f3n\u201d!. Los j\u00f3venes ardemos en el deseo de construir un mundo reconciliado, pero nuestro ardor se apaga a menudo por la desesperanza y la pasividad. Que la iglesia suscite, anime y acompa\u00f1e cada vez m\u00e1s el \u00edmpetu y la energ\u00eda de nuestra generaci\u00f3n. Le presentamos en particular este peque\u00f1o comienzo de nuestra Fraternidad pol\u00edtica y su pr\u00f3ximo encuentro de Changemakers. Nos gustar\u00eda recibir de su parte y de la Iglesia, una palabra de env\u00edo y de sabidur\u00eda, para que la esperanza que portamos pueda irradiar y llevar a otros j\u00f3venes cristianos a atreverse a \u201cponerse las botas\u201d y entrar en el juego de constructores del mundo de ma\u00f1ana.<\/p>\n\n\n\n<p>Con toda nuestra gratitud, le aseguramos que se encuentra en nuestras oraciones por su vida y su apostolado. Que el Esp\u00edritu de Dios inspire siempre su ministerio y sea su fuerza para guiar a la Iglesia de Cristo.<\/p>\n\n\n\n<div class=\"wp-block-image\"><figure class=\"aligncenter size-full\"><img decoding=\"async\" width=\"1280\" height=\"720\" src=\"https:\/\/fraternite-politique.chemin-neuf.org\/wp-content\/uploads\/2021\/05\/2020-04-30-Audience-Pape-4.jpg\" alt=\"\" class=\"wp-image-2528\" srcset=\"https:\/\/fraternite-politique.chemin-neuf.org\/wp-content\/uploads\/2021\/05\/2020-04-30-Audience-Pape-4.jpg 1280w, https:\/\/fraternite-politique.chemin-neuf.org\/wp-content\/uploads\/2021\/05\/2020-04-30-Audience-Pape-4-300x169.jpg 300w, https:\/\/fraternite-politique.chemin-neuf.org\/wp-content\/uploads\/2021\/05\/2020-04-30-Audience-Pape-4-1024x576.jpg 1024w, https:\/\/fraternite-politique.chemin-neuf.org\/wp-content\/uploads\/2021\/05\/2020-04-30-Audience-Pape-4-768x432.jpg 768w\" sizes=\"(max-width: 1280px) 100vw, 1280px\" \/><\/figure><\/div>\n","protected":false},"excerpt":{"rendered":"<p>Pronunciado en la audiencia del 30 de abril de 2021<\/p>\n","protected":false},"author":6,"featured_media":2576,"comment_status":"open","ping_status":"open","sticky":false,"template":"","format":"standard","meta":{"_acf_changed":false,"footnotes":""},"categories":[69],"tags":[],"class_list":["post-2572","post","type-post","status-publish","format-standard","has-post-thumbnail","hentry","category-news"],"acf":[],"yoast_head":"<!-- This site is optimized with the Yoast SEO plugin v27.5 - https:\/\/yoast.com\/product\/yoast-seo-wordpress\/ -->\n<title>Mensaje de la Fraternidad Pol\u00edtica al Papa Francisco - Politics Fraternity Chemin Neuf Community<\/title>\n<meta name=\"description\" content=\"Pronunciado en la audiencia del 30 de abril de 2021\" \/>\n<meta name=\"robots\" content=\"index, follow, max-snippet:-1, max-image-preview:large, max-video-preview:-1\" \/>\n<link rel=\"canonical\" href=\"https:\/\/fraternite-politique.chemin-neuf.org\/es\/mensaje-de-la-fraternidad-politica-al-papa-francisco\/\" \/>\n<meta property=\"og:locale\" content=\"es_ES\" \/>\n<meta property=\"og:type\" content=\"article\" \/>\n<meta property=\"og:title\" content=\"Mensaje de la Fraternidad Pol\u00edtica al Papa Francisco - Politics Fraternity Chemin Neuf Community\" \/>\n<meta property=\"og:description\" content=\"Pronunciado en la audiencia del 30 de abril de 2021\" \/>\n<meta property=\"og:url\" content=\"https:\/\/fraternite-politique.chemin-neuf.org\/es\/mensaje-de-la-fraternidad-politica-al-papa-francisco\/\" \/>\n<meta property=\"og:site_name\" content=\"Politics Fraternity Chemin Neuf Community\" \/>\n<meta property=\"article:publisher\" content=\"https:\/\/www.facebook.com\/fratpolitiqueccn\" \/>\n<meta property=\"article:published_time\" content=\"2021-04-30T09:15:00+00:00\" \/>\n<meta property=\"article:modified_time\" content=\"2021-05-02T12:39:29+00:00\" \/>\n<meta property=\"og:image\" content=\"https:\/\/fraternite-politique.chemin-neuf.org\/wp-content\/uploads\/2021\/05\/2020-04-30-Audience-Pape-1.jpg\" \/>\n\t<meta property=\"og:image:width\" content=\"1280\" \/>\n\t<meta property=\"og:image:height\" content=\"720\" \/>\n\t<meta property=\"og:image:type\" content=\"image\/jpeg\" \/>\n<meta name=\"author\" content=\"Hugues Dubois\" \/>\n<meta name=\"twitter:card\" content=\"summary_large_image\" \/>\n<meta name=\"twitter:label1\" content=\"Escrito por\" \/>\n\t<meta name=\"twitter:data1\" content=\"Hugues Dubois\" \/>\n\t<meta name=\"twitter:label2\" content=\"Tiempo de lectura\" \/>\n\t<meta name=\"twitter:data2\" content=\"4 minutos\" \/>\n<script type=\"application\/ld+json\" class=\"yoast-schema-graph\">{\"@context\":\"https:\\\/\\\/schema.org\",\"@graph\":[{\"@type\":\"Article\",\"@id\":\"https:\\\/\\\/fraternite-politique.chemin-neuf.org\\\/es\\\/mensaje-de-la-fraternidad-politica-al-papa-francisco\\\/#article\",\"isPartOf\":{\"@id\":\"https:\\\/\\\/fraternite-politique.chemin-neuf.org\\\/es\\\/mensaje-de-la-fraternidad-politica-al-papa-francisco\\\/\"},\"author\":{\"name\":\"Hugues Dubois\",\"@id\":\"https:\\\/\\\/fraternite-politique.chemin-neuf.org\\\/es\\\/#\\\/schema\\\/person\\\/3f3fdb79554942d6296b48f30f5bf54d\"},\"headline\":\"Mensaje de la Fraternidad Pol\u00edtica al Papa Francisco\",\"datePublished\":\"2021-04-30T09:15:00+00:00\",\"dateModified\":\"2021-05-02T12:39:29+00:00\",\"mainEntityOfPage\":{\"@id\":\"https:\\\/\\\/fraternite-politique.chemin-neuf.org\\\/es\\\/mensaje-de-la-fraternidad-politica-al-papa-francisco\\\/\"},\"wordCount\":722,\"commentCount\":0,\"publisher\":{\"@id\":\"https:\\\/\\\/fraternite-politique.chemin-neuf.org\\\/es\\\/#organization\"},\"image\":{\"@id\":\"https:\\\/\\\/fraternite-politique.chemin-neuf.org\\\/es\\\/mensaje-de-la-fraternidad-politica-al-papa-francisco\\\/#primaryimage\"},\"thumbnailUrl\":\"https:\\\/\\\/fraternite-politique.chemin-neuf.org\\\/wp-content\\\/uploads\\\/2021\\\/05\\\/2020-04-30-Audience-Pape-1.jpg\",\"articleSection\":[\"News\"],\"inLanguage\":\"es\",\"potentialAction\":[{\"@type\":\"CommentAction\",\"name\":\"Comment\",\"target\":[\"https:\\\/\\\/fraternite-politique.chemin-neuf.org\\\/es\\\/mensaje-de-la-fraternidad-politica-al-papa-francisco\\\/#respond\"]}]},{\"@type\":\"WebPage\",\"@id\":\"https:\\\/\\\/fraternite-politique.chemin-neuf.org\\\/es\\\/mensaje-de-la-fraternidad-politica-al-papa-francisco\\\/\",\"url\":\"https:\\\/\\\/fraternite-politique.chemin-neuf.org\\\/es\\\/mensaje-de-la-fraternidad-politica-al-papa-francisco\\\/\",\"name\":\"Mensaje de la Fraternidad Pol\u00edtica al Papa Francisco - Politics Fraternity Chemin Neuf Community\",\"isPartOf\":{\"@id\":\"https:\\\/\\\/fraternite-politique.chemin-neuf.org\\\/es\\\/#website\"},\"primaryImageOfPage\":{\"@id\":\"https:\\\/\\\/fraternite-politique.chemin-neuf.org\\\/es\\\/mensaje-de-la-fraternidad-politica-al-papa-francisco\\\/#primaryimage\"},\"image\":{\"@id\":\"https:\\\/\\\/fraternite-politique.chemin-neuf.org\\\/es\\\/mensaje-de-la-fraternidad-politica-al-papa-francisco\\\/#primaryimage\"},\"thumbnailUrl\":\"https:\\\/\\\/fraternite-politique.chemin-neuf.org\\\/wp-content\\\/uploads\\\/2021\\\/05\\\/2020-04-30-Audience-Pape-1.jpg\",\"datePublished\":\"2021-04-30T09:15:00+00:00\",\"dateModified\":\"2021-05-02T12:39:29+00:00\",\"description\":\"Pronunciado en la audiencia del 30 de abril de 2021\",\"breadcrumb\":{\"@id\":\"https:\\\/\\\/fraternite-politique.chemin-neuf.org\\\/es\\\/mensaje-de-la-fraternidad-politica-al-papa-francisco\\\/#breadcrumb\"},\"inLanguage\":\"es\",\"potentialAction\":[{\"@type\":\"ReadAction\",\"target\":[\"https:\\\/\\\/fraternite-politique.chemin-neuf.org\\\/es\\\/mensaje-de-la-fraternidad-politica-al-papa-francisco\\\/\"]}]},{\"@type\":\"ImageObject\",\"inLanguage\":\"es\",\"@id\":\"https:\\\/\\\/fraternite-politique.chemin-neuf.org\\\/es\\\/mensaje-de-la-fraternidad-politica-al-papa-francisco\\\/#primaryimage\",\"url\":\"https:\\\/\\\/fraternite-politique.chemin-neuf.org\\\/wp-content\\\/uploads\\\/2021\\\/05\\\/2020-04-30-Audience-Pape-1.jpg\",\"contentUrl\":\"https:\\\/\\\/fraternite-politique.chemin-neuf.org\\\/wp-content\\\/uploads\\\/2021\\\/05\\\/2020-04-30-Audience-Pape-1.jpg\",\"width\":1280,\"height\":720},{\"@type\":\"BreadcrumbList\",\"@id\":\"https:\\\/\\\/fraternite-politique.chemin-neuf.org\\\/es\\\/mensaje-de-la-fraternidad-politica-al-papa-francisco\\\/#breadcrumb\",\"itemListElement\":[{\"@type\":\"ListItem\",\"position\":1,\"name\":\"Home\",\"item\":\"https:\\\/\\\/fraternite-politique.chemin-neuf.org\\\/es\\\/\"},{\"@type\":\"ListItem\",\"position\":2,\"name\":\"Mensaje de la Fraternidad Pol\u00edtica al Papa Francisco\"}]},{\"@type\":\"WebSite\",\"@id\":\"https:\\\/\\\/fraternite-politique.chemin-neuf.org\\\/es\\\/#website\",\"url\":\"https:\\\/\\\/fraternite-politique.chemin-neuf.org\\\/es\\\/\",\"name\":\"Politics Fraternity Chemin Neuf Community\",\"description\":\"Politics Fraternity of Chemin Neuf Community\",\"publisher\":{\"@id\":\"https:\\\/\\\/fraternite-politique.chemin-neuf.org\\\/es\\\/#organization\"},\"potentialAction\":[{\"@type\":\"SearchAction\",\"target\":{\"@type\":\"EntryPoint\",\"urlTemplate\":\"https:\\\/\\\/fraternite-politique.chemin-neuf.org\\\/es\\\/?s={search_term_string}\"},\"query-input\":{\"@type\":\"PropertyValueSpecification\",\"valueRequired\":true,\"valueName\":\"search_term_string\"}}],\"inLanguage\":\"es\"},{\"@type\":\"Organization\",\"@id\":\"https:\\\/\\\/fraternite-politique.chemin-neuf.org\\\/es\\\/#organization\",\"name\":\"Fraternit\u00e9 Politique Communaut\u00e9 du Chemin Neuf\",\"url\":\"https:\\\/\\\/fraternite-politique.chemin-neuf.org\\\/es\\\/\",\"logo\":{\"@type\":\"ImageObject\",\"inLanguage\":\"es\",\"@id\":\"https:\\\/\\\/fraternite-politique.chemin-neuf.org\\\/es\\\/#\\\/schema\\\/logo\\\/image\\\/\",\"url\":\"https:\\\/\\\/fraternite-politique.chemin-neuf.org\\\/wp-content\\\/uploads\\\/2021\\\/02\\\/cropped-ccn-png-onglet-site-v3-large.png\",\"contentUrl\":\"https:\\\/\\\/fraternite-politique.chemin-neuf.org\\\/wp-content\\\/uploads\\\/2021\\\/02\\\/cropped-ccn-png-onglet-site-v3-large.png\",\"width\":512,\"height\":512,\"caption\":\"Fraternit\u00e9 Politique Communaut\u00e9 du Chemin Neuf\"},\"image\":{\"@id\":\"https:\\\/\\\/fraternite-politique.chemin-neuf.org\\\/es\\\/#\\\/schema\\\/logo\\\/image\\\/\"},\"sameAs\":[\"https:\\\/\\\/www.facebook.com\\\/fratpolitiqueccn\",\"https:\\\/\\\/instagram.com\\\/fratpo\",\"https:\\\/\\\/www.youtube.com\\\/channel\\\/UC6YodqkqOIniLyqOfjMLojw\"]},{\"@type\":\"Person\",\"@id\":\"https:\\\/\\\/fraternite-politique.chemin-neuf.org\\\/es\\\/#\\\/schema\\\/person\\\/3f3fdb79554942d6296b48f30f5bf54d\",\"name\":\"Hugues Dubois\",\"image\":{\"@type\":\"ImageObject\",\"inLanguage\":\"es\",\"@id\":\"https:\\\/\\\/secure.gravatar.com\\\/avatar\\\/e3fb734d781fccf29f8200f9f75b219bc432753d25b215781dd03c3c26005263?s=96&d=mm&r=g\",\"url\":\"https:\\\/\\\/secure.gravatar.com\\\/avatar\\\/e3fb734d781fccf29f8200f9f75b219bc432753d25b215781dd03c3c26005263?s=96&d=mm&r=g\",\"contentUrl\":\"https:\\\/\\\/secure.gravatar.com\\\/avatar\\\/e3fb734d781fccf29f8200f9f75b219bc432753d25b215781dd03c3c26005263?s=96&d=mm&r=g\",\"caption\":\"Hugues Dubois\"}}]}<\/script>\n<!-- \/ Yoast SEO plugin. -->","yoast_head_json":{"title":"Mensaje de la Fraternidad Pol\u00edtica al Papa Francisco - Politics Fraternity Chemin Neuf Community","description":"Pronunciado en la audiencia del 30 de abril de 2021","robots":{"index":"index","follow":"follow","max-snippet":"max-snippet:-1","max-image-preview":"max-image-preview:large","max-video-preview":"max-video-preview:-1"},"canonical":"https:\/\/fraternite-politique.chemin-neuf.org\/es\/mensaje-de-la-fraternidad-politica-al-papa-francisco\/","og_locale":"es_ES","og_type":"article","og_title":"Mensaje de la Fraternidad Pol\u00edtica al Papa Francisco - Politics Fraternity Chemin Neuf Community","og_description":"Pronunciado en la audiencia del 30 de abril de 2021","og_url":"https:\/\/fraternite-politique.chemin-neuf.org\/es\/mensaje-de-la-fraternidad-politica-al-papa-francisco\/","og_site_name":"Politics Fraternity Chemin Neuf Community","article_publisher":"https:\/\/www.facebook.com\/fratpolitiqueccn","article_published_time":"2021-04-30T09:15:00+00:00","article_modified_time":"2021-05-02T12:39:29+00:00","og_image":[{"width":1280,"height":720,"url":"https:\/\/fraternite-politique.chemin-neuf.org\/wp-content\/uploads\/2021\/05\/2020-04-30-Audience-Pape-1.jpg","type":"image\/jpeg"}],"author":"Hugues Dubois","twitter_card":"summary_large_image","twitter_misc":{"Escrito por":"Hugues Dubois","Tiempo de lectura":"4 minutos"},"schema":{"@context":"https:\/\/schema.org","@graph":[{"@type":"Article","@id":"https:\/\/fraternite-politique.chemin-neuf.org\/es\/mensaje-de-la-fraternidad-politica-al-papa-francisco\/#article","isPartOf":{"@id":"https:\/\/fraternite-politique.chemin-neuf.org\/es\/mensaje-de-la-fraternidad-politica-al-papa-francisco\/"},"author":{"name":"Hugues Dubois","@id":"https:\/\/fraternite-politique.chemin-neuf.org\/es\/#\/schema\/person\/3f3fdb79554942d6296b48f30f5bf54d"},"headline":"Mensaje de la Fraternidad Pol\u00edtica al Papa Francisco","datePublished":"2021-04-30T09:15:00+00:00","dateModified":"2021-05-02T12:39:29+00:00","mainEntityOfPage":{"@id":"https:\/\/fraternite-politique.chemin-neuf.org\/es\/mensaje-de-la-fraternidad-politica-al-papa-francisco\/"},"wordCount":722,"commentCount":0,"publisher":{"@id":"https:\/\/fraternite-politique.chemin-neuf.org\/es\/#organization"},"image":{"@id":"https:\/\/fraternite-politique.chemin-neuf.org\/es\/mensaje-de-la-fraternidad-politica-al-papa-francisco\/#primaryimage"},"thumbnailUrl":"https:\/\/fraternite-politique.chemin-neuf.org\/wp-content\/uploads\/2021\/05\/2020-04-30-Audience-Pape-1.jpg","articleSection":["News"],"inLanguage":"es","potentialAction":[{"@type":"CommentAction","name":"Comment","target":["https:\/\/fraternite-politique.chemin-neuf.org\/es\/mensaje-de-la-fraternidad-politica-al-papa-francisco\/#respond"]}]},{"@type":"WebPage","@id":"https:\/\/fraternite-politique.chemin-neuf.org\/es\/mensaje-de-la-fraternidad-politica-al-papa-francisco\/","url":"https:\/\/fraternite-politique.chemin-neuf.org\/es\/mensaje-de-la-fraternidad-politica-al-papa-francisco\/","name":"Mensaje de la Fraternidad Pol\u00edtica al Papa Francisco - Politics Fraternity Chemin Neuf Community","isPartOf":{"@id":"https:\/\/fraternite-politique.chemin-neuf.org\/es\/#website"},"primaryImageOfPage":{"@id":"https:\/\/fraternite-politique.chemin-neuf.org\/es\/mensaje-de-la-fraternidad-politica-al-papa-francisco\/#primaryimage"},"image":{"@id":"https:\/\/fraternite-politique.chemin-neuf.org\/es\/mensaje-de-la-fraternidad-politica-al-papa-francisco\/#primaryimage"},"thumbnailUrl":"https:\/\/fraternite-politique.chemin-neuf.org\/wp-content\/uploads\/2021\/05\/2020-04-30-Audience-Pape-1.jpg","datePublished":"2021-04-30T09:15:00+00:00","dateModified":"2021-05-02T12:39:29+00:00","description":"Pronunciado en la audiencia del 30 de abril de 2021","breadcrumb":{"@id":"https:\/\/fraternite-politique.chemin-neuf.org\/es\/mensaje-de-la-fraternidad-politica-al-papa-francisco\/#breadcrumb"},"inLanguage":"es","potentialAction":[{"@type":"ReadAction","target":["https:\/\/fraternite-politique.chemin-neuf.org\/es\/mensaje-de-la-fraternidad-politica-al-papa-francisco\/"]}]},{"@type":"ImageObject","inLanguage":"es","@id":"https:\/\/fraternite-politique.chemin-neuf.org\/es\/mensaje-de-la-fraternidad-politica-al-papa-francisco\/#primaryimage","url":"https:\/\/fraternite-politique.chemin-neuf.org\/wp-content\/uploads\/2021\/05\/2020-04-30-Audience-Pape-1.jpg","contentUrl":"https:\/\/fraternite-politique.chemin-neuf.org\/wp-content\/uploads\/2021\/05\/2020-04-30-Audience-Pape-1.jpg","width":1280,"height":720},{"@type":"BreadcrumbList","@id":"https:\/\/fraternite-politique.chemin-neuf.org\/es\/mensaje-de-la-fraternidad-politica-al-papa-francisco\/#breadcrumb","itemListElement":[{"@type":"ListItem","position":1,"name":"Home","item":"https:\/\/fraternite-politique.chemin-neuf.org\/es\/"},{"@type":"ListItem","position":2,"name":"Mensaje de la Fraternidad Pol\u00edtica al Papa Francisco"}]},{"@type":"WebSite","@id":"https:\/\/fraternite-politique.chemin-neuf.org\/es\/#website","url":"https:\/\/fraternite-politique.chemin-neuf.org\/es\/","name":"Politics Fraternity Chemin Neuf Community","description":"Politics Fraternity of Chemin Neuf Community","publisher":{"@id":"https:\/\/fraternite-politique.chemin-neuf.org\/es\/#organization"},"potentialAction":[{"@type":"SearchAction","target":{"@type":"EntryPoint","urlTemplate":"https:\/\/fraternite-politique.chemin-neuf.org\/es\/?s={search_term_string}"},"query-input":{"@type":"PropertyValueSpecification","valueRequired":true,"valueName":"search_term_string"}}],"inLanguage":"es"},{"@type":"Organization","@id":"https:\/\/fraternite-politique.chemin-neuf.org\/es\/#organization","name":"Fraternit\u00e9 Politique Communaut\u00e9 du Chemin Neuf","url":"https:\/\/fraternite-politique.chemin-neuf.org\/es\/","logo":{"@type":"ImageObject","inLanguage":"es","@id":"https:\/\/fraternite-politique.chemin-neuf.org\/es\/#\/schema\/logo\/image\/","url":"https:\/\/fraternite-politique.chemin-neuf.org\/wp-content\/uploads\/2021\/02\/cropped-ccn-png-onglet-site-v3-large.png","contentUrl":"https:\/\/fraternite-politique.chemin-neuf.org\/wp-content\/uploads\/2021\/02\/cropped-ccn-png-onglet-site-v3-large.png","width":512,"height":512,"caption":"Fraternit\u00e9 Politique Communaut\u00e9 du Chemin Neuf"},"image":{"@id":"https:\/\/fraternite-politique.chemin-neuf.org\/es\/#\/schema\/logo\/image\/"},"sameAs":["https:\/\/www.facebook.com\/fratpolitiqueccn","https:\/\/instagram.com\/fratpo","https:\/\/www.youtube.com\/channel\/UC6YodqkqOIniLyqOfjMLojw"]},{"@type":"Person","@id":"https:\/\/fraternite-politique.chemin-neuf.org\/es\/#\/schema\/person\/3f3fdb79554942d6296b48f30f5bf54d","name":"Hugues Dubois","image":{"@type":"ImageObject","inLanguage":"es","@id":"https:\/\/secure.gravatar.com\/avatar\/e3fb734d781fccf29f8200f9f75b219bc432753d25b215781dd03c3c26005263?s=96&d=mm&r=g","url":"https:\/\/secure.gravatar.com\/avatar\/e3fb734d781fccf29f8200f9f75b219bc432753d25b215781dd03c3c26005263?s=96&d=mm&r=g","contentUrl":"https:\/\/secure.gravatar.com\/avatar\/e3fb734d781fccf29f8200f9f75b219bc432753d25b215781dd03c3c26005263?s=96&d=mm&r=g","caption":"Hugues Dubois"}}]}},"_links":{"self":[{"href":"https:\/\/fraternite-politique.chemin-neuf.org\/es\/wp-json\/wp\/v2\/posts\/2572","targetHints":{"allow":["GET"]}}],"collection":[{"href":"https:\/\/fraternite-politique.chemin-neuf.org\/es\/wp-json\/wp\/v2\/posts"}],"about":[{"href":"https:\/\/fraternite-politique.chemin-neuf.org\/es\/wp-json\/wp\/v2\/types\/post"}],"author":[{"embeddable":true,"href":"https:\/\/fraternite-politique.chemin-neuf.org\/es\/wp-json\/wp\/v2\/users\/6"}],"replies":[{"embeddable":true,"href":"https:\/\/fraternite-politique.chemin-neuf.org\/es\/wp-json\/wp\/v2\/comments?post=2572"}],"version-history":[{"count":2,"href":"https:\/\/fraternite-politique.chemin-neuf.org\/es\/wp-json\/wp\/v2\/posts\/2572\/revisions"}],"predecessor-version":[{"id":2577,"href":"https:\/\/fraternite-politique.chemin-neuf.org\/es\/wp-json\/wp\/v2\/posts\/2572\/revisions\/2577"}],"wp:featuredmedia":[{"embeddable":true,"href":"https:\/\/fraternite-politique.chemin-neuf.org\/es\/wp-json\/wp\/v2\/media\/2576"}],"wp:attachment":[{"href":"https:\/\/fraternite-politique.chemin-neuf.org\/es\/wp-json\/wp\/v2\/media?parent=2572"}],"wp:term":[{"taxonomy":"category","embeddable":true,"href":"https:\/\/fraternite-politique.chemin-neuf.org\/es\/wp-json\/wp\/v2\/categories?post=2572"},{"taxonomy":"post_tag","embeddable":true,"href":"https:\/\/fraternite-politique.chemin-neuf.org\/es\/wp-json\/wp\/v2\/tags?post=2572"}],"curies":[{"name":"wp","href":"https:\/\/api.w.org\/{rel}","templated":true}]}}